{"id":74831,"date":"2026-09-05T17:18:48","date_gmt":"2026-09-05T20:18:48","guid":{"rendered":"https:\/\/infovera.com.ar\/web\/?p=74831"},"modified":"2026-09-05T17:18:48","modified_gmt":"2026-09-05T20:18:48","slug":"paula-mitre-realizo-gestiones-ante-autoridades-provinciales-para-avanzar-en-obras-y-acciones-prioritarias-para-vera","status":"publish","type":"post","link":"https:\/\/infovera.com.ar\/web\/2026\/09\/05\/paula-mitre-realizo-gestiones-ante-autoridades-provinciales-para-avanzar-en-obras-y-acciones-prioritarias-para-vera\/","title":{"rendered":"Paula Mitre realiz\u00f3 gestiones ante autoridades provinciales para avanzar en obras y acciones prioritarias para Vera"},"content":{"rendered":"<p><strong>La intendente, acompa\u00f1ada por la Secretaria de Desarrollo Humano de la municipalidad de Vera, Jorgelina Velazquez, llevaron adelante, en el d\u00eda de ayer, una agenda de reuniones en la ciudad de Santa Fe con distintas autoridades del Gobierno provincial, con el objetivo de avanzar en gestiones vinculadas a infraestructura,situaci\u00f3n h\u00eddrica, desarrollo social y servicio el\u00e9ctrico en la ciudad y la zona rural.<\/strong><\/p>\n<p>En primer lugar, se reunieron con la presidente del directorio de la Empresa Provincial de la Energ\u00eda (EPE), Anah\u00ed Rodr\u00edguez, ante quien plantearon distintas necesidades vinculadas al mejoramiento de la infraestructura el\u00e9ctrica en la ruralidad y la ciudad.<\/p>\n<p>Uno de los principales enfoques fue el pronto inicio del recambio de aproximadamente 20 kil\u00f3metros de cableado el\u00e9ctrico antiguo por cable preensamblado, correspondiente a la primera etapa de un programa que contempla un total de 60 kil\u00f3metros, dividido en tres etapas. La obra permitir\u00eda mejorar la calidad y seguridad del suministro el\u00e9ctrico de la ciudad y el distrito, que actualmente cuentan con infraestructura obsoleta.<\/p>\n<p><img loading=\"lazy\" decoding=\"async\" class=\"alignleft size-full wp-image-74835\" src=\"https:\/\/infovera.com.ar\/web\/wp-content\/uploads\/2026\/09\/IMG-20260905-WA0080.jpg\" alt=\"\" width=\"1280\" height=\"868\" srcset=\"https:\/\/infovera.com.ar\/web\/wp-content\/uploads\/2026\/09\/IMG-20260905-WA0080.jpg 1280w, https:\/\/infovera.com.ar\/web\/wp-content\/uploads\/2026\/09\/IMG-20260905-WA0080-619x420.jpg 619w, https:\/\/infovera.com.ar\/web\/wp-content\/uploads\/2026\/09\/IMG-20260905-WA0080-696x472.jpg 696w, https:\/\/infovera.com.ar\/web\/wp-content\/uploads\/2026\/09\/IMG-20260905-WA0080-1068x724.jpg 1068w\" sizes=\"auto, (max-width: 1280px) 100vw, 1280px\" \/><\/p>\n<p>Adem\u00e1s, se le solicit\u00f3 el mejoramiento de la infraestructura el\u00e9ctrica de la zona rural,con especial atenci\u00f3n en los parajes Santa Luc\u00eda y El Cerrito.<\/p>\n<p>Durante el encuentro tambi\u00e9n se analiz\u00f3 la situaci\u00f3n de sectores poblados de la ciudad que, por sus caracter\u00edsticas, no son favorables para ser urbanizados, con el objetivo de mejorar las conexiones y las condiciones de seguridad para las familias que actualmente viven all\u00ed.<\/p>\n<p>Tambi\u00e9n, mantuvieron una conversaci\u00f3n con el ministro de Gobierno, Fabi\u00e1n Bastia,con quien se realiz\u00f3 un an\u00e1lisis del estado de situaci\u00f3n de Vera y se repasaron las acciones que se vienen llevando adelante para continuar mejorando el sistema h\u00eddrico de la ciudad, especialmente de cara a la llegada del fen\u00f3meno de El Ni\u00f1o.<\/p>\n<p>Durante la reuni\u00f3n tambi\u00e9n se dio seguimiento a distintas gestiones que el municipio viene realizando ante la Provincia, evaluando las posibilidades de avanzar en proyectos vinculados a obras, alumbrado p\u00fablico y otras necesidades prioritarias parala ciudad.<\/p>\n<p>\u201cLa abrupta ca\u00edda en la recaudaci\u00f3n y los ingresos del municipio producto del descenso del consumo y gran deterioro de la situaci\u00f3n econ\u00f3mica, sumado a este evento clim\u00e1tico, nos obliga a priorizar el gasto y ejecuci\u00f3n de las obras necesarias para Vera, para poder anticiparnos y reducir los riesgos que puedan presentarse\u201d,se\u00f1al\u00f3 Mitre.<\/p>\n<p><img loading=\"lazy\" decoding=\"async\" class=\"alignleft size-full wp-image-74836\" src=\"https:\/\/infovera.com.ar\/web\/wp-content\/uploads\/2026\/09\/IMG-20260905-WA0083.jpg\" alt=\"\" width=\"1280\" height=\"904\" srcset=\"https:\/\/infovera.com.ar\/web\/wp-content\/uploads\/2026\/09\/IMG-20260905-WA0083.jpg 1280w, https:\/\/infovera.com.ar\/web\/wp-content\/uploads\/2026\/09\/IMG-20260905-WA0083-595x420.jpg 595w, https:\/\/infovera.com.ar\/web\/wp-content\/uploads\/2026\/09\/IMG-20260905-WA0083-696x492.jpg 696w, https:\/\/infovera.com.ar\/web\/wp-content\/uploads\/2026\/09\/IMG-20260905-WA0083-1068x754.jpg 1068w, https:\/\/infovera.com.ar\/web\/wp-content\/uploads\/2026\/09\/IMG-20260905-WA0083-100x70.jpg 100w\" sizes=\"auto, (max-width: 1280px) 100vw, 1280px\" \/><\/p>\n<p>Posteriormente, se reunieron con la ministra de Igualdad y Desarrollo Humano,Victoria Tejeda, para analizar la situaci\u00f3n social actual de la ciudad y las demandas que podr\u00edan profundizarse ante un eventual escenario clim\u00e1tico complejo.En este sentido, se evaluaron posibles acciones, programas y estrategias de abordaje que permitan fortalecer la respuesta y el acompa\u00f1amiento a las familias que puedan verse afectadas, entendiendo que el contexto h\u00eddrico puede sumar nuevas complejidades a las demandas sociales existentes.<\/p>\n<p>\u201cSon gestiones que estamos llevando adelante para encontrar soluciones concretas a necesidades que tiene nuestra ciudad, priorizando aquellas acciones que nos permitan anticiparnos a escenarios complejos y mejorar la calidad de vida de los vecinos\u201d,expres\u00f3 la intendente.<\/p>\n<p>Desde el municipio se remarc\u00f3 que las reuniones forman parte del trabajo de gesti\u00f3n que se viene realizando ante los distintos organismos provinciales y que, por el momento, no implican anuncios concretos de ejecuci\u00f3n de obras, sino el seguimiento y la b\u00fasqueda de viabilidad para proyectos y acciones que resultan prioritarios para Vera.<\/p>\n","protected":false},"excerpt":{"rendered":"<p>La intendente, acompa\u00f1ada por la Secretaria de Desarrollo Humano de la municipalidad de Vera, Jorgelina Velazquez, llevaron adelante, en el d\u00eda de ayer, una agenda de reuniones en la ciudad de Santa Fe con distintas autoridades del Gobierno provincial, con el objetivo de avanzar en gestiones vinculadas a infraestructura,situaci\u00f3n h\u00eddrica, desarrollo social y servicio el\u00e9ctrico [&hellip;]<\/p>\n","protected":false},"author":3,"featured_media":74834,"comment_status":"open","ping_status":"open","sticky":false,"template":"","format":"standard","meta":{"_joinchat":[],"footnotes":""},"categories":[56],"tags":[],"class_list":["post-74831","post","type-post","status-publish","format-standard","has-post-thumbnail","category-destacados"],"_links":{"self":[{"href":"https:\/\/infovera.com.ar\/web\/wp-json\/wp\/v2\/posts\/74831","targetHints":{"allow":["GET"]}}],"collection":[{"href":"https:\/\/infovera.com.ar\/web\/wp-json\/wp\/v2\/posts"}],"about":[{"href":"https:\/\/infovera.com.ar\/web\/wp-json\/wp\/v2\/types\/post"}],"author":[{"embeddable":true,"href":"https:\/\/infovera.com.ar\/web\/wp-json\/wp\/v2\/users\/3"}],"replies":[{"embeddable":true,"href":"https:\/\/infovera.com.ar\/web\/wp-json\/wp\/v2\/comments?post=74831"}],"version-history":[{"count":2,"href":"https:\/\/infovera.com.ar\/web\/wp-json\/wp\/v2\/posts\/74831\/revisions"}],"predecessor-version":[{"id":74838,"href":"https:\/\/infovera.com.ar\/web\/wp-json\/wp\/v2\/posts\/74831\/revisions\/74838"}],"wp:featuredmedia":[{"embeddable":true,"href":"https:\/\/infovera.com.ar\/web\/wp-json\/wp\/v2\/media\/74834"}],"wp:attachment":[{"href":"https:\/\/infovera.com.ar\/web\/wp-json\/wp\/v2\/media?parent=74831"}],"wp:term":[{"taxonomy":"category","embeddable":true,"href":"https:\/\/infovera.com.ar\/web\/wp-json\/wp\/v2\/categories?post=74831"},{"taxonomy":"post_tag","embeddable":true,"href":"https:\/\/infovera.com.ar\/web\/wp-json\/wp\/v2\/tags?post=74831"}],"curies":[{"name":"wp","href":"https:\/\/api.w.org\/{rel}","templated":true}]}}