{"id":74827,"date":"2026-09-05T10:43:00","date_gmt":"2026-09-05T13:43:00","guid":{"rendered":"https:\/\/infovera.com.ar\/web\/?p=74827"},"modified":"2026-09-05T10:43:00","modified_gmt":"2026-09-05T13:43:00","slug":"nuevo-galardon-para-ramon-anibal-arroyo","status":"publish","type":"post","link":"https:\/\/infovera.com.ar\/web\/2026\/09\/05\/nuevo-galardon-para-ramon-anibal-arroyo\/","title":{"rendered":"Nuevo galard\u00f3n para Ram\u00f3n An\u00edbal Arroyo"},"content":{"rendered":"<p><strong>Su propuesta fue seleccionada entre un total de 625 proyectos presentados.<\/strong><\/p>\n<p>El docente, escritor y artista multifac\u00e9tico de La Gallareta, Ram\u00f3n Arroyo, recibi\u00f3 una importante noticia para la cultura del norte santafesino: su proyecto fue seleccionado por el Ministerio de Cultura de la Provincia de Santa Fe en el marco de la convocatoria \u201cEspacio Santafesino \u2013 Apoyos a la Producci\u00f3n Cultural 2026\u201d.<\/p>\n<p>La iniciativa presentada por el artista gallaretense permitir\u00e1 avanzar con la reimpresi\u00f3n de sus libros y su posterior distribuci\u00f3n en establecimientos educativos del norte provincial, acercando producciones literarias y culturales vinculadas a la identidad regional a las nuevas generaciones.<\/p>\n<p>El proyecto de Ram\u00f3n Arroyo fue elegido entre 625 propuestas presentadas en esta primera convocatoria de Apoyos a la Producci\u00f3n Cultural 2026, un dato que pone a\u00fan m\u00e1s en valor el reconocimiento obtenido por el escritor y su trayectoria art\u00edstica.<\/p>\n<p>De acuerdo con el acta oficial, el comit\u00e9 interno de evaluaci\u00f3n se reuni\u00f3 el pasado 14 de agosto en la Casa de la Cultura de la ciudad de Santa Fe, sede del Ministerio de Cultura de la Provincia.<\/p>\n<p>El comit\u00e9 estuvo integrado por Natalia Gamboa, Mar\u00eda Florencia Guerrero y Mar\u00eda Clara Sidler, quienes tuvieron la responsabilidad de evaluar los proyectos correspondientes a la primera convocatoria impulsada desde la Secretar\u00eda de Desarrollos Culturales.<\/p>\n<p>Las propuestas fueron analizadas dentro de diferentes l\u00edneas de trabajo, entre ellas Eventos y Actividades Culturales, Producci\u00f3n, Circulaci\u00f3n y Formaci\u00f3n.<\/p>\n<p>Luego de concluir la etapa de evaluaci\u00f3n y deliberaci\u00f3n, el comit\u00e9 determin\u00f3, por unanimidad y de acuerdo con las bases y condiciones establecidas para la convocatoria, otorgar apoyos econ\u00f3micos por un monto total de 70 millones de pesos destinados a los proyectos seleccionados.<\/p>\n<p><strong>Un reconocimiento a la cultura del norte<\/strong><\/p>\n<p>La selecci\u00f3n de la propuesta de Ram\u00f3n Arroyo representa un importante reconocimiento para un creador que, a trav\u00e9s de distintas expresiones art\u00edsticas, ha mantenido un fuerte v\u00ednculo con la cultura, la historia y la identidad de su regi\u00f3n.<\/p>\n<p>La posibilidad de reimprimir sus obras y distribuirlas en las escuelas permitir\u00e1 que estudiantes y docentes puedan acceder a material producido desde el propio territorio, fortaleciendo el conocimiento de las expresiones culturales del norte santafesino.<\/p>\n<p>En una convocatoria que reuni\u00f3 625 proyectos de distintos puntos de la provincia, la selecci\u00f3n del proyecto presentado por el escritor y artista de La Gallareta constituye adem\u00e1s una noticia de gran importancia para la comunidad local y para toda la regi\u00f3n.<\/p>\n<p>De esta manera, la obra de Ram\u00f3n Arroyo podr\u00e1 llegar nuevamente a las aulas, multiplicando su alcance y permitiendo que nuevas generaciones conozcan parte de la producci\u00f3n literaria y cultural surgida desde el norte de Santa Fe.<\/p>\n<p>Sin dudas, se trata de un nuevo reconocimiento a la trayectoria y al trabajo de un artista multifac\u00e9tico que contin\u00faa aportando, desde su lugar, a la construcci\u00f3n y preservaci\u00f3n de la identidad cultural regional.<\/p>\n<p>Letyana Press<\/p>\n","protected":false},"excerpt":{"rendered":"<p>Su propuesta fue seleccionada entre un total de 625 proyectos presentados. El docente, escritor y artista multifac\u00e9tico de La Gallareta, Ram\u00f3n Arroyo, recibi\u00f3 una importante noticia para la cultura del norte santafesino: su proyecto fue seleccionado por el Ministerio de Cultura de la Provincia de Santa Fe en el marco de la convocatoria \u201cEspacio Santafesino [&hellip;]<\/p>\n","protected":false},"author":3,"featured_media":74828,"comment_status":"open","ping_status":"open","sticky":false,"template":"","format":"standard","meta":{"_joinchat":[],"footnotes":""},"categories":[40,53],"tags":[],"class_list":["post-74827","post","type-post","status-publish","format-standard","has-post-thumbnail","category-cultura","category-vera"],"_links":{"self":[{"href":"https:\/\/infovera.com.ar\/web\/wp-json\/wp\/v2\/posts\/74827","targetHints":{"allow":["GET"]}}],"collection":[{"href":"https:\/\/infovera.com.ar\/web\/wp-json\/wp\/v2\/posts"}],"about":[{"href":"https:\/\/infovera.com.ar\/web\/wp-json\/wp\/v2\/types\/post"}],"author":[{"embeddable":true,"href":"https:\/\/infovera.com.ar\/web\/wp-json\/wp\/v2\/users\/3"}],"replies":[{"embeddable":true,"href":"https:\/\/infovera.com.ar\/web\/wp-json\/wp\/v2\/comments?post=74827"}],"version-history":[{"count":1,"href":"https:\/\/infovera.com.ar\/web\/wp-json\/wp\/v2\/posts\/74827\/revisions"}],"predecessor-version":[{"id":74829,"href":"https:\/\/infovera.com.ar\/web\/wp-json\/wp\/v2\/posts\/74827\/revisions\/74829"}],"wp:featuredmedia":[{"embeddable":true,"href":"https:\/\/infovera.com.ar\/web\/wp-json\/wp\/v2\/media\/74828"}],"wp:attachment":[{"href":"https:\/\/infovera.com.ar\/web\/wp-json\/wp\/v2\/media?parent=74827"}],"wp:term":[{"taxonomy":"category","embeddable":true,"href":"https:\/\/infovera.com.ar\/web\/wp-json\/wp\/v2\/categories?post=74827"},{"taxonomy":"post_tag","embeddable":true,"href":"https:\/\/infovera.com.ar\/web\/wp-json\/wp\/v2\/tags?post=74827"}],"curies":[{"name":"wp","href":"https:\/\/api.w.org\/{rel}","templated":true}]}}