{"id":74819,"date":"2026-09-05T09:00:09","date_gmt":"2026-09-05T12:00:09","guid":{"rendered":"https:\/\/infovera.com.ar\/web\/?p=74819"},"modified":"2026-09-05T09:59:32","modified_gmt":"2026-09-05T12:59:32","slug":"la-pastoral-judicial-de-la-iglesia-alerto-por-el-nuevo-regimen-penal-juvenil","status":"publish","type":"post","link":"https:\/\/infovera.com.ar\/web\/2026\/09\/05\/la-pastoral-judicial-de-la-iglesia-alerto-por-el-nuevo-regimen-penal-juvenil\/","title":{"rendered":"La Pastoral Judicial de la Iglesia alert\u00f3 por el nuevo r\u00e9gimen penal juvenil"},"content":{"rendered":"<p><strong>Preocupaci\u00f3n de la Iglesia por el impacto en ni\u00f1os y adolescentes. La Pastoral Judicial de la Iglesia Cat\u00f3lica difundi\u00f3 un pronunciamiento en el que pidi\u00f3 a las autoridades nacionales extremar los recaudos para que la puesta en marcha del nuevo r\u00e9gimen penal juvenil no profundice la vulnerabilidad que ya atraviesan miles de ni\u00f1os, ni\u00f1as y adolescentes en la Argentina.<\/strong><\/p>\n<p>El comunicado se conoci\u00f3 a horas de la entrada en vigencia de la Ley 27.801, norma que introduce un nuevo marco para la responsabilidad penal a partir de los 14 a\u00f1os. El organismo eclesi\u00e1stico remarc\u00f3 que la privaci\u00f3n de la libertad de menores debe ser entendida como una medida \u201cexcepcional y de \u00faltima instancia\u201d, en l\u00ednea con los est\u00e1ndares internacionales de derechos humanos.<\/p>\n<p>La Pastoral Judicial advirti\u00f3 que la aplicaci\u00f3n del r\u00e9gimen no puede desentenderse del contexto social en el que crecen las infancias y adolescencias. Cit\u00f3 datos del Observatorio de la Deuda Social Argentina de la UCA, que muestran que en 2023 m\u00e1s de la mitad de los chicos y chicas del pa\u00eds viv\u00edan en hogares pobres y m\u00e1s del 10% se encontraba en situaci\u00f3n de indigencia, cifras que reflejan una realidad atravesada por la exclusi\u00f3n y la desigualdad.<\/p>\n<p>En ese marco, el documento expres\u00f3 preocupaci\u00f3n por el posible impacto del nuevo sistema penal sobre j\u00f3venes que ya enfrentan m\u00faltiples carencias, y se\u00f1al\u00f3 especialmente los escenarios donde el Estado se repliega, se debilita la presencia de pol\u00edticas p\u00fablicas y gana terreno el narcotr\u00e1fico y otras econom\u00edas ilegales. Para la Pastoral, esas condiciones pueden facilitar que adolescentes sean captados por redes delictivas.<\/p>\n<p><strong>\u201cNo castigar la exclusi\u00f3n con prisi\u00f3n\u201d<\/strong><\/p>\n<p>El texto recuper\u00f3 las denominadas\u00a0\u201cReglas Papa Francisco para el trato de personas excluidas\u201d, lineamientos inspirados en los mensajes del Pont\u00edfice, que insisten en abordar las causas profundas de la marginaci\u00f3n antes que responder con mayor castigo penal.<\/p>\n<p><strong>Se reclama que la c\u00e1rcel no sea respuesta autom\u00e1tica ante conflictos vinculados a la pobreza.<\/strong><\/p>\n<p><strong>Se exhorta a fortalecer pol\u00edticas de inclusi\u00f3n educativa, laboral y comunitaria.<\/strong><\/p>\n<p><strong>Se pide garantizar el acceso a la defensa y al acompa\u00f1amiento psicosocial de los menores.<\/strong><\/p>\n<p>\u201cNo se debe castigar con prisi\u00f3n a una persona por situaciones que sean consecuencia directa de la exclusi\u00f3n, de violencias estructurales o de impedimentos materiales\u201d, remarca el documento al citar las Reglas Papa Francisco.<\/p>\n<p>La Pastoral Judicial llam\u00f3 a jueces, fiscales, defensores, fuerzas de seguridad y responsables pol\u00edticos a implementar la nueva normativa con una mirada integral sobre los derechos de la ni\u00f1ez, y a privilegiar medidas alternativas a la privaci\u00f3n de libertad, como programas de acompa\u00f1amiento, mediaci\u00f3n, tratamiento de consumos problem\u00e1ticos y dispositivos comunitarios.<\/p>\n<p>El pronunciamiento se suma a los debates abiertos en el \u00e1mbito jur\u00eddico, acad\u00e9mico y de organizaciones de derechos humanos sobre el alcance del nuevo r\u00e9gimen penal juvenil, y pone el foco en la necesidad de que cualquier reforma legal se acompa\u00f1e de pol\u00edticas sociales activas que prevengan que la respuesta del Estado frente a la exclusi\u00f3n sea \u00fanicamente el endurecimiento punitivo.<\/p>\n","protected":false},"excerpt":{"rendered":"<p>Preocupaci\u00f3n de la Iglesia por el impacto en ni\u00f1os y adolescentes. La Pastoral Judicial de la Iglesia Cat\u00f3lica difundi\u00f3 un pronunciamiento en el que pidi\u00f3 a las autoridades nacionales extremar los recaudos para que la puesta en marcha del nuevo r\u00e9gimen penal juvenil no profundice la vulnerabilidad que ya atraviesan miles de ni\u00f1os, ni\u00f1as y [&hellip;]<\/p>\n","protected":false},"author":3,"featured_media":74820,"comment_status":"open","ping_status":"open","sticky":false,"template":"","format":"standard","meta":{"_joinchat":[],"footnotes":""},"categories":[56],"tags":[],"class_list":["post-74819","post","type-post","status-publish","format-standard","has-post-thumbnail","category-destacados"],"_links":{"self":[{"href":"https:\/\/infovera.com.ar\/web\/wp-json\/wp\/v2\/posts\/74819","targetHints":{"allow":["GET"]}}],"collection":[{"href":"https:\/\/infovera.com.ar\/web\/wp-json\/wp\/v2\/posts"}],"about":[{"href":"https:\/\/infovera.com.ar\/web\/wp-json\/wp\/v2\/types\/post"}],"author":[{"embeddable":true,"href":"https:\/\/infovera.com.ar\/web\/wp-json\/wp\/v2\/users\/3"}],"replies":[{"embeddable":true,"href":"https:\/\/infovera.com.ar\/web\/wp-json\/wp\/v2\/comments?post=74819"}],"version-history":[{"count":1,"href":"https:\/\/infovera.com.ar\/web\/wp-json\/wp\/v2\/posts\/74819\/revisions"}],"predecessor-version":[{"id":74821,"href":"https:\/\/infovera.com.ar\/web\/wp-json\/wp\/v2\/posts\/74819\/revisions\/74821"}],"wp:featuredmedia":[{"embeddable":true,"href":"https:\/\/infovera.com.ar\/web\/wp-json\/wp\/v2\/media\/74820"}],"wp:attachment":[{"href":"https:\/\/infovera.com.ar\/web\/wp-json\/wp\/v2\/media?parent=74819"}],"wp:term":[{"taxonomy":"category","embeddable":true,"href":"https:\/\/infovera.com.ar\/web\/wp-json\/wp\/v2\/categories?post=74819"},{"taxonomy":"post_tag","embeddable":true,"href":"https:\/\/infovera.com.ar\/web\/wp-json\/wp\/v2\/tags?post=74819"}],"curies":[{"name":"wp","href":"https:\/\/api.w.org\/{rel}","templated":true}]}}