{"id":74815,"date":"2026-09-05T09:44:09","date_gmt":"2026-09-05T12:44:09","guid":{"rendered":"https:\/\/infovera.com.ar\/web\/?p=74815"},"modified":"2026-09-05T10:04:24","modified_gmt":"2026-09-05T13:04:24","slug":"el-nino-el-norte-provincial-sera-una-de-las-regiones-con-mayor-riesgo-de-tormentas-y-fenomenos-extremos","status":"publish","type":"post","link":"https:\/\/infovera.com.ar\/web\/2026\/09\/05\/el-nino-el-norte-provincial-sera-una-de-las-regiones-con-mayor-riesgo-de-tormentas-y-fenomenos-extremos\/","title":{"rendered":"El Ni\u00f1o: el norte provincial ser\u00e1 una de las regiones con mayor riesgo de tormentas y fen\u00f3menos extremos"},"content":{"rendered":"<p><strong>El fen\u00f3meno de\u00a0El Ni\u00f1o\u00a0ya est\u00e1 instalado en\u00a0Argentina\u00a0y los pron\u00f3sticos oficiales coinciden en que\u00a0mantendr\u00e1 una intensidad fuerte\u00a0o muy fuerte durante los pr\u00f3ximos meses, con una incidencia m\u00e1s marcada entre la\u00a0primavera y el inicio del verano.<\/strong><\/p>\n<p>La se\u00f1al ya\u00a0no se presenta como una hip\u00f3tesis clim\u00e1tica, sino como un factor activo que\u00a0condiciona el r\u00e9gimen de lluvias, el comportamiento de las grandes cuencas y la planificaci\u00f3n productiva en distintas regiones del pa\u00eds.<\/p>\n<p>El\u00a0Servicio Meteorol\u00f3gico Nacional\u00a0(SMN) inform\u00f3 en su bolet\u00edn de septiembre de 2026 que las condiciones del ENOS corresponden a la fase c\u00e1lida y que existe una\u00a0probabilidad del 100% de que El Ni\u00f1o se mantenga en el trimestre septiembre-octubre-noviembre, con una intensidad fuerte o muy fuerte.<\/p>\n<p>Ese diagn\u00f3stico coincide con la perspectiva difundida en las \u00faltimas semanas por distintos organismos y especialistas, que ubican el per\u00edodo de mayor impacto entre fines de la primavera y los primeros meses del verano.<\/p>\n<p>Jos\u00e9 Luis Stella, climat\u00f3logo del SMN, explic\u00f3 que la comunidad meteorol\u00f3gica ven\u00eda anticipando desde hace meses la posibilidad de un episodio de gran magnitud. \u201cSe pronosticaba que iba a ser un evento muy fuerte y en estos meses se fue confirmando\u201d, se\u00f1al\u00f3.<\/p>\n<p>Aunque la clasificaci\u00f3n puede variar de un centro internacional a otro, el escenario general no cambi\u00f3:\u00a0Argentina atraviesa una fase de El Ni\u00f1o que persistir\u00e1 durante varios meses\u00a0y que obliga a seguir de cerca su evoluci\u00f3n.<\/p>\n<p>Los primeros efectos ya comenzaron a observarse durante el invierno. Stella detall\u00f3 que a mediados de julio aparecieron se\u00f1ales compatibles con el patr\u00f3n t\u00edpico del fen\u00f3meno, con alteraciones en la circulaci\u00f3n atmosf\u00e9rica y una sucesi\u00f3n de eventos extremos en distintas zonas del Cono Sur.<\/p>\n<p>\u201cSe vio un poco la circulaci\u00f3n asociada y todos los fen\u00f3menos extremos que estuvieron atravesando parte de la cordillera.\u00a0Chile estuvo muy afectado, Argentina, nevadas hist\u00f3ricas, lluvias en el litoral, lluvias en Patagonia, fr\u00edo en Patagonia sur\u201d, indic\u00f3.<\/p>\n<p>&nbsp;<\/p>\n<p><img loading=\"lazy\" decoding=\"async\" class=\"alignleft size-full wp-image-74816\" src=\"https:\/\/infovera.com.ar\/web\/wp-content\/uploads\/2026\/09\/nino.jpg\" alt=\"\" width=\"992\" height=\"833\" srcset=\"https:\/\/infovera.com.ar\/web\/wp-content\/uploads\/2026\/09\/nino.jpg 992w, https:\/\/infovera.com.ar\/web\/wp-content\/uploads\/2026\/09\/nino-500x420.jpg 500w, https:\/\/infovera.com.ar\/web\/wp-content\/uploads\/2026\/09\/nino-696x584.jpg 696w\" sizes=\"auto, (max-width: 992px) 100vw, 992px\" \/><\/p>\n<p><strong>Exceso de lluvias<\/strong><\/p>\n<p>El norte del Litoral concentra la principal se\u00f1al de lluvias por encima de lo normal<br \/>\nEn el caso argentino, uno de los rasgos m\u00e1s claros del actual episodio aparece en el noreste y el Litoral -norte de Santa Fe- donde los pron\u00f3sticos estacionales marcan la mayor probabilidad de precipitaciones superiores a la media. El informe clim\u00e1tico trimestral del SMN para septiembre, octubre y noviembre ubica al norte del Litoral entre las zonas con se\u00f1al m\u00e1s marcada de exceso de lluvias.<\/p>\n<p>Stella sostuvo que esa regi\u00f3n \u201ces la clave\u201d en esta etapa del fen\u00f3meno, aunque advirti\u00f3 que con el avance de la primavera las probabilidades de lluvias superiores a lo normal podr\u00edan extenderse hacia el sur y el centro del pa\u00eds. Bajo un evento fuerte o muy fuerte, agreg\u00f3, toda\u00a0la franja h\u00fameda y el este de Argentina quedan m\u00e1s expuestos a episodios de precipitaci\u00f3n abundante, con riesgo de acumulados por encima de los promedios hist\u00f3ricos.<\/p>\n<p>Aunque la se\u00f1al m\u00e1s n\u00edtida se concentra en el noreste, los pron\u00f3sticos no excluyen a otras \u00e1reas. El escenario previsto para la primavera incluye lluvias entre normales y superiores a lo normal en sectores del centro-este del pa\u00eds, junto con temperaturas por debajo de la media en parte del centro y del sur. En ese marco, Buenos Aires, La Pampa, el sudoeste bonaerense y zonas del centro del pa\u00eds aparecen bajo una vigilancia creciente.<\/p>\n<p>Para el sector agropecuario,\u00a0el INTA remarc\u00f3 que el impacto del fen\u00f3meno no es uniforme y depende de la regi\u00f3n,\u00a0de la posici\u00f3n del lote y del momento del ciclo productivo. El organismo se\u00f1al\u00f3 que \u201clos extremos de excesos h\u00eddricos se concentran sobre todo en determinadas zonas y cuencas\u201d, mientras que otras \u00e1reas pueden atravesar a\u00f1os Ni\u00f1o con condiciones favorables e incluso excepcionales para la producci\u00f3n.<\/p>\n<p><img loading=\"lazy\" decoding=\"async\" class=\"alignleft size-full wp-image-74817\" src=\"https:\/\/infovera.com.ar\/web\/wp-content\/uploads\/2026\/09\/nino-1.jpg\" alt=\"\" width=\"992\" height=\"565\" srcset=\"https:\/\/infovera.com.ar\/web\/wp-content\/uploads\/2026\/09\/nino-1.jpg 992w, https:\/\/infovera.com.ar\/web\/wp-content\/uploads\/2026\/09\/nino-1-737x420.jpg 737w, https:\/\/infovera.com.ar\/web\/wp-content\/uploads\/2026\/09\/nino-1-696x396.jpg 696w\" sizes=\"auto, (max-width: 992px) 100vw, 992px\" \/><\/p>\n<p><strong>Hasta febrero y ser\u00e1 \u201cmuy fuerte\u201d<\/strong><\/p>\n<p>\u201cEl fen\u00f3meno de El Ni\u00f1o se est\u00e1 volviendo gigantesco ante nuestros ojos\u201d, advirti\u00f3 ayer la\u00a0Organizaci\u00f3n Meteorol\u00f3gica Mundial (OMM).El organismo remarc\u00f3 que \u201cla ciencia no deja lugar a dudas: el planeta se encuentra en aguas des conocidas, y esas aguas se est\u00e1n calentando\u201d y que el fen\u00f3meno de El Ni\u00f1o se intensificar\u00e1 durante los pr\u00f3ximos meses y alcanzar\u00e1 una magnitud muy fuerte, con efectos que podr\u00edan extenderse hasta febrero de 2027 y repercusiones clim\u00e1ticas durante buena parte de ese a\u00f1o.<\/p>\n<p>El organismo se\u00f1al\u00f3 que existe una probabilidad \u201cextraordinariamente alta, cercana al 100%\u201d de que el actual episodio persista hasta febrero.<\/p>\n<p>El Ni\u00f1o eleva la temperatura de la superficie en el Pac\u00edfico ecuatorial central y oriental, con\u00a0efectos sobre los vientos, la presi\u00f3n atmosf\u00e9rica y las lluvias en distintas regiones del mundo.<\/p>\n<p>\u201cEl Ni\u00f1o est\u00e1 claramente establecido y se intensificar\u00e1 hasta convertirse en un fen\u00f3meno muy fuerte en los pr\u00f3ximos meses, con\u00a0grandes impactos en los patrones de precipitaci\u00f3n y temperatura, y los riesgos asociados a inundaciones, sequ\u00edas y calor extremo\u201d, afirm\u00f3 la agencia de la Organizaci\u00f3n de Naciones Unidas (ONU).<\/p>\n<p>Fuente: Infobae<\/p>\n","protected":false},"excerpt":{"rendered":"<p>El fen\u00f3meno de\u00a0El Ni\u00f1o\u00a0ya est\u00e1 instalado en\u00a0Argentina\u00a0y los pron\u00f3sticos oficiales coinciden en que\u00a0mantendr\u00e1 una intensidad fuerte\u00a0o muy fuerte durante los pr\u00f3ximos meses, con una incidencia m\u00e1s marcada entre la\u00a0primavera y el inicio del verano. La se\u00f1al ya\u00a0no se presenta como una hip\u00f3tesis clim\u00e1tica, sino como un factor activo que\u00a0condiciona el r\u00e9gimen de lluvias, el comportamiento [&hellip;]<\/p>\n","protected":false},"author":3,"featured_media":71526,"comment_status":"open","ping_status":"open","sticky":false,"template":"","format":"standard","meta":{"_joinchat":[],"footnotes":""},"categories":[56],"tags":[],"class_list":["post-74815","post","type-post","status-publish","format-standard","has-post-thumbnail","category-destacados"],"_links":{"self":[{"href":"https:\/\/infovera.com.ar\/web\/wp-json\/wp\/v2\/posts\/74815","targetHints":{"allow":["GET"]}}],"collection":[{"href":"https:\/\/infovera.com.ar\/web\/wp-json\/wp\/v2\/posts"}],"about":[{"href":"https:\/\/infovera.com.ar\/web\/wp-json\/wp\/v2\/types\/post"}],"author":[{"embeddable":true,"href":"https:\/\/infovera.com.ar\/web\/wp-json\/wp\/v2\/users\/3"}],"replies":[{"embeddable":true,"href":"https:\/\/infovera.com.ar\/web\/wp-json\/wp\/v2\/comments?post=74815"}],"version-history":[{"count":3,"href":"https:\/\/infovera.com.ar\/web\/wp-json\/wp\/v2\/posts\/74815\/revisions"}],"predecessor-version":[{"id":74823,"href":"https:\/\/infovera.com.ar\/web\/wp-json\/wp\/v2\/posts\/74815\/revisions\/74823"}],"wp:featuredmedia":[{"embeddable":true,"href":"https:\/\/infovera.com.ar\/web\/wp-json\/wp\/v2\/media\/71526"}],"wp:attachment":[{"href":"https:\/\/infovera.com.ar\/web\/wp-json\/wp\/v2\/media?parent=74815"}],"wp:term":[{"taxonomy":"category","embeddable":true,"href":"https:\/\/infovera.com.ar\/web\/wp-json\/wp\/v2\/categories?post=74815"},{"taxonomy":"post_tag","embeddable":true,"href":"https:\/\/infovera.com.ar\/web\/wp-json\/wp\/v2\/tags?post=74815"}],"curies":[{"name":"wp","href":"https:\/\/api.w.org\/{rel}","templated":true}]}}