{"id":74804,"date":"2026-09-04T17:36:06","date_gmt":"2026-09-04T20:36:06","guid":{"rendered":"https:\/\/infovera.com.ar\/web\/?p=74804"},"modified":"2026-09-04T17:47:44","modified_gmt":"2026-09-04T20:47:44","slug":"carlos-chamorro-sobre-la-expo-rural-de-vera-es-una-muestra-muy-esperada-en-la-zona","status":"publish","type":"post","link":"https:\/\/infovera.com.ar\/web\/2026\/09\/04\/carlos-chamorro-sobre-la-expo-rural-de-vera-es-una-muestra-muy-esperada-en-la-zona\/","title":{"rendered":"Carlos Chamorro, sobre la 76\u00aa Expo-Rural Vera: &#8220;Es una muestra muy esperada por la zona&#8221;"},"content":{"rendered":"<p><strong>El presidente de la Sociedad Rural de Vera, Carlos Chamorro, confirm\u00f3 que la 76\u00aa Exposici\u00f3n Nacional Expo-Rural Vera\u2013 Edici\u00f3n Especial \u201cFiesta Provincial del B\u00fafalo\u201d ya est\u00e1 en marcha, con reproductores de alto nivel y una importante presencia de maquinaria agr\u00edcola. El fen\u00f3meno de El Ni\u00f1o, las obras h\u00eddricas pendientes y la presi\u00f3n impositiva sobre la ganader\u00eda estar\u00e1n entre los principales ejes del discurso institucional del domingo.<\/strong><\/p>\n<p>La 76\u00aa Exposici\u00f3n Rural de Vera comenz\u00f3 a tomar ritmo con el ingreso y la clasificaci\u00f3n de los reproductores, mientras la Sociedad Rural ultima los detalles para un fin de semana que concentrar\u00e1 las principales actividades de una de las muestras tradicionales de la regi\u00f3n.<\/p>\n<p>El presidente de la entidad, Carlos Chamorro, destac\u00f3 a <strong>InfoVera<\/strong> la calidad de los animales que llegaron al predio y remarc\u00f3 que ese es uno de los objetivos que la instituci\u00f3n se propone cada a\u00f1o.<\/p>\n<p>\u201cNosotros siempre decimos que buscamos traer calidad y no tanto volumen o tanta cantidad; queremos apuntar a la mejor gen\u00e9tica\u201d, se\u00f1al\u00f3.<\/p>\n<p>Chamorro cont\u00f3 que durante una recorrida por los corrales pudo observar \u201cmuy buenos ejemplares\u201d, luego de completarse la admisi\u00f3n y avanzar con la jura de clasificaci\u00f3n.<\/p>\n<p><strong>Pe\u00f1a y desfile por las calles de Vera<\/strong><\/p>\n<p>La programaci\u00f3n continuar\u00e1 esta noche con la tradicional pe\u00f1a, que incluir\u00e1 la entrega de premios a los reproductores, folklore y baile.<\/p>\n<p>Otro de los atractivos ser\u00e1 el desfile de montados por las calles de Vera, una propuesta que se realizar\u00e1 por tercer a\u00f1o consecutivo y que ya se incorpor\u00f3 a la programaci\u00f3n de la exposici\u00f3n.<\/p>\n<p>\u201cSon muchos montados que recorren la calle principal de la ciudad y venimos hasta el predio\u201d, explic\u00f3 Chamorro.<\/p>\n<p><img loading=\"lazy\" decoding=\"async\" class=\"alignleft size-full wp-image-74805\" src=\"https:\/\/infovera.com.ar\/web\/wp-content\/uploads\/2026\/09\/WhatsApp-Image-2026-09-04-at-5.30.32-PM.jpeg\" alt=\"\" width=\"1280\" height=\"720\" srcset=\"https:\/\/infovera.com.ar\/web\/wp-content\/uploads\/2026\/09\/WhatsApp-Image-2026-09-04-at-5.30.32-PM.jpeg 1280w, https:\/\/infovera.com.ar\/web\/wp-content\/uploads\/2026\/09\/WhatsApp-Image-2026-09-04-at-5.30.32-PM-747x420.jpeg 747w, https:\/\/infovera.com.ar\/web\/wp-content\/uploads\/2026\/09\/WhatsApp-Image-2026-09-04-at-5.30.32-PM-696x392.jpeg 696w, https:\/\/infovera.com.ar\/web\/wp-content\/uploads\/2026\/09\/WhatsApp-Image-2026-09-04-at-5.30.32-PM-1068x601.jpeg 1068w\" sizes=\"auto, (max-width: 1280px) 100vw, 1280px\" \/><\/p>\n<p><strong>M\u00e1s maquinaria agr\u00edcola que otros a\u00f1os<\/strong><\/p>\n<p>El titular de la Sociedad Rural tambi\u00e9n destac\u00f3 la respuesta de los expositores pese al contexto econ\u00f3mico. \u201cEstoy viendo que hay mucha maquinaria agr\u00edcola, m\u00e1s que otros a\u00f1os\u201d, sostuvo.<\/p>\n<p>Chamorro consider\u00f3 significativo ese crecimiento en una regi\u00f3n cuya principal actividad hist\u00f3ricamente ha sido la ganader\u00eda. Adem\u00e1s, remarc\u00f3 que la participaci\u00f3n en la exposici\u00f3n no queda solamente en la exhibici\u00f3n de equipos, sino que tambi\u00e9n permite concretar operaciones comerciales.<\/p>\n<p>\u201cHay quienes nos acompa\u00f1an hace unos a\u00f1os y la verdad que se vende, se hace un negocio. Eso es lo importante\u201d, afirm\u00f3.<\/p>\n<p><strong>El discurso del domingo<\/strong><\/p>\n<p>En el plano institucional, Chamorro anticip\u00f3 que la situaci\u00f3n h\u00eddrica y el fen\u00f3meno de El Ni\u00f1o ocupar\u00e1n un lugar central en el discurso de la Sociedad Rural durante el acto oficial del domingo.<\/p>\n<p>\u201cNos tenemos que enfocar este a\u00f1o en la realidad que nos toca, que es ya El Ni\u00f1o, que nosotros decimos que ac\u00e1 ya peg\u00f3 fuerte en la zona\u201d, adelant\u00f3.<\/p>\n<p>Explic\u00f3 que los sectores bajos fueron los m\u00e1s afectados por las abundantes precipitaciones de abril y asegur\u00f3 que todav\u00eda existen productores que debieron abandonar sus campos y no pudieron regresar.<\/p>\n<p>\u201cHay productores que ya salieron, en ese momento salieron y obviamente todav\u00eda no pudieron volver al campo\u201d, indic\u00f3.<\/p>\n<p>Ante la posibilidad de nuevas lluvias y un agravamiento del escenario, Chamorro consider\u00f3 que en determinados sectores resulta conveniente esperar antes de regresar con la hacienda a los campos bajos.<\/p>\n<p><img loading=\"lazy\" decoding=\"async\" class=\"alignleft size-full wp-image-74807\" src=\"https:\/\/infovera.com.ar\/web\/wp-content\/uploads\/2026\/09\/WhatsApp-Image-2026-09-04-at-5.33.53-PM.jpeg\" alt=\"\" width=\"1280\" height=\"720\" srcset=\"https:\/\/infovera.com.ar\/web\/wp-content\/uploads\/2026\/09\/WhatsApp-Image-2026-09-04-at-5.33.53-PM.jpeg 1280w, https:\/\/infovera.com.ar\/web\/wp-content\/uploads\/2026\/09\/WhatsApp-Image-2026-09-04-at-5.33.53-PM-747x420.jpeg 747w, https:\/\/infovera.com.ar\/web\/wp-content\/uploads\/2026\/09\/WhatsApp-Image-2026-09-04-at-5.33.53-PM-696x392.jpeg 696w, https:\/\/infovera.com.ar\/web\/wp-content\/uploads\/2026\/09\/WhatsApp-Image-2026-09-04-at-5.33.53-PM-1068x601.jpeg 1068w\" sizes=\"auto, (max-width: 1280px) 100vw, 1280px\" \/><\/p>\n<p><strong>Avances y obras pendientes<\/strong><\/p>\n<p>El dirigente rural tambi\u00e9n se refiri\u00f3 a las intervenciones realizadas para mejorar el escurrimiento del agua. Destac\u00f3 particularmente los resultados obtenidos tras eliminar una obstrucci\u00f3n en la zona de Esperanza y Candio, al se\u00f1alar que posteriormente se observ\u00f3 un descenso mucho m\u00e1s r\u00e1pido del agua.<\/p>\n<p>Sin embargo, advirti\u00f3 que todav\u00eda quedan trabajos importantes. \u201cFalta destapar, limpiar los canales del norte, los troncales, el canal del Ingl\u00e9s, La Loca y La Loquita. Eso todav\u00eda estamos esperando\u201d, afirm\u00f3.<\/p>\n<p>La entidad prev\u00e9 reiterar durante el acto oficial los pedidos de obras y asistencia para afrontar tanto la situaci\u00f3n actual como las consecuencias que podr\u00eda generar un nuevo per\u00edodo de excesos h\u00eddricos.<\/p>\n<p><strong>Reclamo por la carga impositiva<\/strong><\/p>\n<p>Otro de los puntos que formar\u00e1 parte del discurso ser\u00e1 la presi\u00f3n tributaria sobre el sector ganadero, especialmente frente a las dificultades provocadas por los eventos clim\u00e1ticos.<\/p>\n<p>Chamorro se\u00f1al\u00f3 que estas situaciones generan numerosas ventas forzosas de hacienda y adelant\u00f3 que la Rural insistir\u00e1 en la necesidad de aliviar la presi\u00f3n fiscal. \u201cVamos a hacer hincapi\u00e9 en eso, en bajar un poco la carga impositiva al sector ganadero en estas situaciones\u201d, expres\u00f3.<\/p>\n<p>Finalmente, invit\u00f3 a los vecinos de Vera y de toda la regi\u00f3n a participar de las actividades del s\u00e1bado y domingo y destac\u00f3 el trabajo que demanda organizar la exposici\u00f3n.<\/p>\n<p>\u201cEs una muestra que la espera todo el sector y toda la zona todos los a\u00f1os. Nosotros le ponemos mucho empe\u00f1o, mucho sacrificio. Esto lleva meses de organizarlo\u201d, concluy\u00f3.<\/p>\n","protected":false},"excerpt":{"rendered":"<p>El presidente de la Sociedad Rural de Vera, Carlos Chamorro, confirm\u00f3 que la 76\u00aa Exposici\u00f3n Nacional Expo-Rural Vera\u2013 Edici\u00f3n Especial \u201cFiesta Provincial del B\u00fafalo\u201d ya est\u00e1 en marcha, con reproductores de alto nivel y una importante presencia de maquinaria agr\u00edcola. El fen\u00f3meno de El Ni\u00f1o, las obras h\u00eddricas pendientes y la presi\u00f3n impositiva sobre la [&hellip;]<\/p>\n","protected":false},"author":3,"featured_media":74806,"comment_status":"open","ping_status":"open","sticky":false,"template":"","format":"standard","meta":{"_joinchat":[],"footnotes":""},"categories":[56],"tags":[],"class_list":["post-74804","post","type-post","status-publish","format-standard","has-post-thumbnail","category-destacados"],"_links":{"self":[{"href":"https:\/\/infovera.com.ar\/web\/wp-json\/wp\/v2\/posts\/74804","targetHints":{"allow":["GET"]}}],"collection":[{"href":"https:\/\/infovera.com.ar\/web\/wp-json\/wp\/v2\/posts"}],"about":[{"href":"https:\/\/infovera.com.ar\/web\/wp-json\/wp\/v2\/types\/post"}],"author":[{"embeddable":true,"href":"https:\/\/infovera.com.ar\/web\/wp-json\/wp\/v2\/users\/3"}],"replies":[{"embeddable":true,"href":"https:\/\/infovera.com.ar\/web\/wp-json\/wp\/v2\/comments?post=74804"}],"version-history":[{"count":4,"href":"https:\/\/infovera.com.ar\/web\/wp-json\/wp\/v2\/posts\/74804\/revisions"}],"predecessor-version":[{"id":74811,"href":"https:\/\/infovera.com.ar\/web\/wp-json\/wp\/v2\/posts\/74804\/revisions\/74811"}],"wp:featuredmedia":[{"embeddable":true,"href":"https:\/\/infovera.com.ar\/web\/wp-json\/wp\/v2\/media\/74806"}],"wp:attachment":[{"href":"https:\/\/infovera.com.ar\/web\/wp-json\/wp\/v2\/media?parent=74804"}],"wp:term":[{"taxonomy":"category","embeddable":true,"href":"https:\/\/infovera.com.ar\/web\/wp-json\/wp\/v2\/categories?post=74804"},{"taxonomy":"post_tag","embeddable":true,"href":"https:\/\/infovera.com.ar\/web\/wp-json\/wp\/v2\/tags?post=74804"}],"curies":[{"name":"wp","href":"https:\/\/api.w.org\/{rel}","templated":true}]}}