{"id":74798,"date":"2026-09-04T14:19:21","date_gmt":"2026-09-04T17:19:21","guid":{"rendered":"https:\/\/infovera.com.ar\/web\/?p=74798"},"modified":"2026-09-04T14:23:32","modified_gmt":"2026-09-04T17:23:32","slug":"una-motociclista-resulto-herida-tras-chocar-con-un-automovil-en-vera","status":"publish","type":"post","link":"https:\/\/infovera.com.ar\/web\/2026\/09\/04\/una-motociclista-resulto-herida-tras-chocar-con-un-automovil-en-vera\/","title":{"rendered":"Una motociclista result\u00f3 herida tras chocar con un autom\u00f3vil en Vera"},"content":{"rendered":"<p><strong>El accidente ocurri\u00f3 este viernes por la ma\u00f1ana en la intersecci\u00f3n de Lisandro de la Torre y Mitre. La mujer, de 38 a\u00f1os, fue trasladada al hospital local.<\/strong><\/p>\n<p>Un accidente de tr\u00e1nsito ocurrido durante la ma\u00f1ana de este viernes 4 de septiembre dej\u00f3 como saldo a una motociclista lesionada en la ciudad de Vera.<\/p>\n<p>El siniestro se produjo alrededor de las 10:00 horas, en la intersecci\u00f3n de las calles Lisandro de la Torre y Mitre, donde por causas que son materia de investigaci\u00f3n colisionaron una motocicleta y un autom\u00f3vil.<\/p>\n<p>De acuerdo con lo informado por la Unidad Regional XIX, efectivos del Comando Radioel\u00e9ctrico acudieron al lugar tras ser comisionados por la Central de Emergencias 911.<\/p>\n<p><strong>El choque involucr\u00f3 a una motocicleta Corven B110 cc, roja con detalles grises, conducida por Virginia Marinelli, de 38 a\u00f1os, y un Toyota Yaris, de color azul el\u00e9ctrico, al mando de un Mat\u00edas Fern\u00e1ndez, de 38 a\u00f1os.<\/strong><\/p>\n<p>Como consecuencia del impacto, la conductora de la motocicleta sufri\u00f3 lesiones y debi\u00f3 ser trasladada al Hospital de Vera para recibir atenci\u00f3n m\u00e9dica. En tanto, el conductor del autom\u00f3vil result\u00f3 ileso.<\/p>\n<p>La Polic\u00eda realiz\u00f3 las actuaciones correspondientes y posteriormente traslad\u00f3 la motocicleta a sede policial. Las diligencias para determinar las circunstancias del accidente contin\u00faan.<\/p>\n","protected":false},"excerpt":{"rendered":"<p>El accidente ocurri\u00f3 este viernes por la ma\u00f1ana en la intersecci\u00f3n de Lisandro de la Torre y Mitre. La mujer, de 38 a\u00f1os, fue trasladada al hospital local. Un accidente de tr\u00e1nsito ocurrido durante la ma\u00f1ana de este viernes 4 de septiembre dej\u00f3 como saldo a una motociclista lesionada en la ciudad de Vera. El [&hellip;]<\/p>\n","protected":false},"author":3,"featured_media":74799,"comment_status":"open","ping_status":"open","sticky":false,"template":"","format":"standard","meta":{"_joinchat":[],"footnotes":""},"categories":[56],"tags":[],"class_list":["post-74798","post","type-post","status-publish","format-standard","has-post-thumbnail","category-destacados"],"_links":{"self":[{"href":"https:\/\/infovera.com.ar\/web\/wp-json\/wp\/v2\/posts\/74798","targetHints":{"allow":["GET"]}}],"collection":[{"href":"https:\/\/infovera.com.ar\/web\/wp-json\/wp\/v2\/posts"}],"about":[{"href":"https:\/\/infovera.com.ar\/web\/wp-json\/wp\/v2\/types\/post"}],"author":[{"embeddable":true,"href":"https:\/\/infovera.com.ar\/web\/wp-json\/wp\/v2\/users\/3"}],"replies":[{"embeddable":true,"href":"https:\/\/infovera.com.ar\/web\/wp-json\/wp\/v2\/comments?post=74798"}],"version-history":[{"count":3,"href":"https:\/\/infovera.com.ar\/web\/wp-json\/wp\/v2\/posts\/74798\/revisions"}],"predecessor-version":[{"id":74802,"href":"https:\/\/infovera.com.ar\/web\/wp-json\/wp\/v2\/posts\/74798\/revisions\/74802"}],"wp:featuredmedia":[{"embeddable":true,"href":"https:\/\/infovera.com.ar\/web\/wp-json\/wp\/v2\/media\/74799"}],"wp:attachment":[{"href":"https:\/\/infovera.com.ar\/web\/wp-json\/wp\/v2\/media?parent=74798"}],"wp:term":[{"taxonomy":"category","embeddable":true,"href":"https:\/\/infovera.com.ar\/web\/wp-json\/wp\/v2\/categories?post=74798"},{"taxonomy":"post_tag","embeddable":true,"href":"https:\/\/infovera.com.ar\/web\/wp-json\/wp\/v2\/tags?post=74798"}],"curies":[{"name":"wp","href":"https:\/\/api.w.org\/{rel}","templated":true}]}}