{"id":74790,"date":"2026-09-04T13:28:22","date_gmt":"2026-09-04T16:28:22","guid":{"rendered":"https:\/\/infovera.com.ar\/web\/?p=74790"},"modified":"2026-09-04T13:28:22","modified_gmt":"2026-09-04T16:28:22","slug":"anulan-la-absolucion-por-abuso-sexual-del-jefe-de-inspectores-municipales-de-reconquista","status":"publish","type":"post","link":"https:\/\/infovera.com.ar\/web\/2026\/09\/04\/anulan-la-absolucion-por-abuso-sexual-del-jefe-de-inspectores-municipales-de-reconquista\/","title":{"rendered":"Anulan la absoluci\u00f3n por abuso sexual del jefe de inspectores municipales de Reconquista"},"content":{"rendered":"<p><strong>El m\u00e1ximo tribunal santafesino intervino a ra\u00edz de un recurso de queja presentado por la Fiscal Regional, Georgina D\u00edaz. La persona que fue juzgada es Rolando Edgardo Quar\u00edn, quien era jefe de las v\u00edctimas en el \u00e1rea de Tr\u00e1nsito al momento de los il\u00edcitos. Fue condenado a prisi\u00f3n condicional por haber vulnerado la integridad sexual de una de sus subalternas y absuelto por un hecho que se le atribuy\u00f3 haber cometido en contra de la otra mujer. La pena pretendida por el MPA es de 10 a\u00f1os de prisi\u00f3n.<\/strong><\/p>\n<p>La Corte Suprema de Justicia de la Provincia anul\u00f3 un fallo absolutorio de segunda instancia en un caso de abusos sexuales en perjuicio de dos agentes municipales en Reconquista y orden\u00f3 que otro tribunal de Alzada dicte una nueva sentencia.<\/p>\n<p>La resoluci\u00f3n del m\u00e1ximo tribunal provincial fue dispuesta por unanimidad y est\u00e1 firmada por su presidente, Rafael Guti\u00e9rrez, y los ministros Jorge Baclini (primer voto), Daniel Erbetta, Eduardo Spuler y Margarita Zabalza.<\/p>\n<p>La Corte intervino a ra\u00edz de un recurso de queja interpuesto por la Fiscal Regional, Georgina D\u00edaz, quien llev\u00f3 adelante la investigaci\u00f3n y represent\u00f3 al MPA en las distintas etapas del proceso judicial. Por su parte, la Defensa hab\u00eda solicitado la revisi\u00f3n de la sentencia por motivos diferentes pero su recurso fue desestimado.<\/p>\n<p><strong>El hombre que fue juzgado es Rolando Edgardo Quar\u00edn, de 61 a\u00f1os<\/strong>, quien en un juicio oral fue condenado a un a\u00f1o y seis meses de prisi\u00f3n condicional como autor de un abuso sexual simple sufrido por una de las v\u00edctimas y absuelto por un hecho de abuso sexual con acceso carnal que se le hab\u00eda atribuido en contra de la otra mujer. Al momento de los hechos, \u00e9l era jefe de ambas agentes en el \u00e1rea de Tr\u00e1nsito de la Secretar\u00eda de Control P\u00fablico de la Municipalidad de Reconquista.<\/p>\n<p>Luego del juicio, el MPA present\u00f3 una apelaci\u00f3n parcial en la que pidi\u00f3 que se revoque la absoluci\u00f3n y se le imponga a Quar\u00edn una pena a 10 a\u00f1os de prisi\u00f3n. \u201cAl igual que la jueza de primera instancia, el camarista que orden\u00f3 el fallo anulado por la Corte us\u00f3 el t\u00e9rmino \u2018acoso laboral\u2019 para aludir a lo que en realidad fue un abuso sexual con acceso carnal cometido en el \u00e1mbito laboral\u201d, asever\u00f3 D\u00edaz.<\/p>\n<p><strong>Valoraci\u00f3n de la prueba<\/strong><\/p>\n<p>En su voto, Baclini sostuvo que \u201cla decisi\u00f3n recurrida se apoya en una valoraci\u00f3n aislada y fragmentada del material probatorio, en la que se otorg\u00f3 preeminencia a elementos secundarios por sobre otros que resultaban concordantes con el relato de la denunciante\u201d.<\/p>\n<p>Al respecto, el ministro plante\u00f3 que \u201cel se\u00f1alado defecto adquiere especial trascendencia en raz\u00f3n de la naturaleza de los il\u00edcitos investigados, la que exige valorar integralmente la prueba disponible, ponderar las particularidades propias de la modalidad delictiva y evitar razonamientos sustentados en expectativas estereotipadas sobre el comportamiento de la v\u00edctima, atendiendo a los est\u00e1ndares internacionales aplicables\u201d.<\/p>\n<p>Por otra parte, en relaci\u00f3n con la interpretaci\u00f3n de testimonios de compa\u00f1eros de trabajo de las v\u00edctimas y subalternos del hombre juzgado, Erbetta indic\u00f3 que \u201cninguna consideraci\u00f3n mereci\u00f3 por parte del Tribunal [\u2026] el impacto que la causa hab\u00eda tenido en el \u00e1mbito laboral\u201d.<\/p>\n<p>A su vez, cuestion\u00f3 \u201cla ponderaci\u00f3n parcializada y, por tanto, arbitraria, de la declaraci\u00f3n de la psic\u00f3loga\u201d, en referencia a una profesional que particip\u00f3 como testigo en el juicio.<\/p>\n","protected":false},"excerpt":{"rendered":"<p>El m\u00e1ximo tribunal santafesino intervino a ra\u00edz de un recurso de queja presentado por la Fiscal Regional, Georgina D\u00edaz. La persona que fue juzgada es Rolando Edgardo Quar\u00edn, quien era jefe de las v\u00edctimas en el \u00e1rea de Tr\u00e1nsito al momento de los il\u00edcitos. Fue condenado a prisi\u00f3n condicional por haber vulnerado la integridad sexual [&hellip;]<\/p>\n","protected":false},"author":3,"featured_media":74791,"comment_status":"open","ping_status":"open","sticky":false,"template":"","format":"standard","meta":{"_joinchat":[],"footnotes":""},"categories":[79,61],"tags":[],"class_list":["post-74790","post","type-post","status-publish","format-standard","has-post-thumbnail","category-judiciales","category-regionales"],"_links":{"self":[{"href":"https:\/\/infovera.com.ar\/web\/wp-json\/wp\/v2\/posts\/74790","targetHints":{"allow":["GET"]}}],"collection":[{"href":"https:\/\/infovera.com.ar\/web\/wp-json\/wp\/v2\/posts"}],"about":[{"href":"https:\/\/infovera.com.ar\/web\/wp-json\/wp\/v2\/types\/post"}],"author":[{"embeddable":true,"href":"https:\/\/infovera.com.ar\/web\/wp-json\/wp\/v2\/users\/3"}],"replies":[{"embeddable":true,"href":"https:\/\/infovera.com.ar\/web\/wp-json\/wp\/v2\/comments?post=74790"}],"version-history":[{"count":1,"href":"https:\/\/infovera.com.ar\/web\/wp-json\/wp\/v2\/posts\/74790\/revisions"}],"predecessor-version":[{"id":74792,"href":"https:\/\/infovera.com.ar\/web\/wp-json\/wp\/v2\/posts\/74790\/revisions\/74792"}],"wp:featuredmedia":[{"embeddable":true,"href":"https:\/\/infovera.com.ar\/web\/wp-json\/wp\/v2\/media\/74791"}],"wp:attachment":[{"href":"https:\/\/infovera.com.ar\/web\/wp-json\/wp\/v2\/media?parent=74790"}],"wp:term":[{"taxonomy":"category","embeddable":true,"href":"https:\/\/infovera.com.ar\/web\/wp-json\/wp\/v2\/categories?post=74790"},{"taxonomy":"post_tag","embeddable":true,"href":"https:\/\/infovera.com.ar\/web\/wp-json\/wp\/v2\/tags?post=74790"}],"curies":[{"name":"wp","href":"https:\/\/api.w.org\/{rel}","templated":true}]}}