{"id":74785,"date":"2026-09-04T10:03:49","date_gmt":"2026-09-04T13:03:49","guid":{"rendered":"https:\/\/infovera.com.ar\/web\/?p=74785"},"modified":"2026-09-04T11:06:24","modified_gmt":"2026-09-04T14:06:24","slug":"juliana-caillat-acompano-la-visita-de-compradores-internacionales-a-empresas-del-norte-santafesino","status":"publish","type":"post","link":"https:\/\/infovera.com.ar\/web\/2026\/09\/04\/juliana-caillat-acompano-la-visita-de-compradores-internacionales-a-empresas-del-norte-santafesino\/","title":{"rendered":"Juliana Caillat acompa\u00f1\u00f3 la visita de compradores internacionales a empresas del norte santafesino"},"content":{"rendered":"<p><strong>La representante departamental destac\u00f3 el potencial productivo de la regi\u00f3n y plante\u00f3 que el Departamento Vera pueda incorporar un circuito productivo en pr\u00f3ximas ediciones del Santa Fe Business Forum.<\/strong><\/p>\n<p>La representante departamental Juliana Caillat acompa\u00f1\u00f3 la visita de compradores internacionales que llegaron al norte santafesino en el marco del Santa Fe Business Forum*, una iniciativa que busca vincular directamente a las empresas santafesinas con potenciales compradores de distintos mercados del mundo.<\/p>\n<p>Por primera vez, una delegaci\u00f3n de compradores extranjeros lleg\u00f3 a la regi\u00f3n para conocer de primera mano el entramado productivo del norte provincial. Fueron casi 25 representantes de Filipinas, Chile, Colombia, M\u00e9xico y Emiratos \u00c1rabes, quienes recorrieron empresas de Reconquista, Avellaneda, Malabrigo, Romang y Guadalupe Norte, vinculadas a los sectores frigor\u00edfico, maquinaria agr\u00edcola, producci\u00f3n de miel y energ\u00edas renovables.<\/p>\n<p>Caillat particip\u00f3 del recorrido y destac\u00f3 la importancia de que los compradores internacionales puedan conocer directamente qu\u00e9 se produce, c\u00f3mo se trabaja y cu\u00e1l es la capacidad de las empresas del interior santafesino.<\/p>\n<p>\u201cCuando hablamos de producci\u00f3n, tambi\u00e9n tenemos que hablar de comercio internacional. Nuestras empresas tienen capacidad, calidad y productos para ofrecerle al mundo, y desde el Estado tenemos que generar las condiciones para que puedan encontrar nuevas oportunidades comerciales\u201d, sostuvo.<\/p>\n<p>La representante departamental remarc\u00f3 que este tipo de experiencias permiten generar contactos que pueden convertirse en *nuevos mercados, inversiones, oportunidades comerciales y empleo*, fortaleciendo el desarrollo productivo de cada territorio.<\/p>\n<p>La jornada finaliz\u00f3 con una reuni\u00f3n general en la sede de *DOLBI, de la que participaron el ministro de Desarrollo Productivo de la Provincia de Santa Fe, **Gustavo Puccini*, directivos empresariales y funcionarios.<\/p>\n<p>Durante el encuentro se destac\u00f3 el respaldo del gobernador Maximiliano Pullaro y del ministro Puccini para posibilitar el posicionamiento del norte provincial y fortalecer su inserci\u00f3n en los mercados internacionales. En ese sentido, Puccini sostuvo la intenci\u00f3n de dar continuidad a esta estrategia para consolidar la *internacionalizaci\u00f3n de las empresas santafesinas como pol\u00edtica de Estado.<\/p>\n<p>La actividad tuvo como objetivo establecer un contacto directo entre el tejido industrial regional y los demandantes externos, promoviendo vinculaciones comerciales y generando nuevos mercados para las firmas de la zona.<\/p>\n<p><img loading=\"lazy\" decoding=\"async\" class=\"alignleft size-full wp-image-74787\" src=\"https:\/\/infovera.com.ar\/web\/wp-content\/uploads\/2026\/09\/WhatsApp-Image-2026-09-04-at-10.59.53-AM-3.jpeg\" alt=\"\" width=\"1280\" height=\"720\" srcset=\"https:\/\/infovera.com.ar\/web\/wp-content\/uploads\/2026\/09\/WhatsApp-Image-2026-09-04-at-10.59.53-AM-3.jpeg 1280w, https:\/\/infovera.com.ar\/web\/wp-content\/uploads\/2026\/09\/WhatsApp-Image-2026-09-04-at-10.59.53-AM-3-747x420.jpeg 747w, https:\/\/infovera.com.ar\/web\/wp-content\/uploads\/2026\/09\/WhatsApp-Image-2026-09-04-at-10.59.53-AM-3-696x392.jpeg 696w, https:\/\/infovera.com.ar\/web\/wp-content\/uploads\/2026\/09\/WhatsApp-Image-2026-09-04-at-10.59.53-AM-3-1068x601.jpeg 1068w\" sizes=\"auto, (max-width: 1280px) 100vw, 1280px\" \/><\/p>\n<p><strong>El desaf\u00edo de incorporar al Departamento Vera<\/strong><\/p>\n<p>En este marco, Juliana Caillat plante\u00f3 la importancia de que el Departamento Vera pueda ser parte de futuras ediciones de esta iniciativa*, incorporando alguno de sus circuitos productivos.<\/p>\n<p>\u201cPensamos que en una pr\u00f3xima edici\u00f3n podemos incorporar alg\u00fan circuito productivo del Departamento Vera. Tenemos productores, empresas y sectores con much\u00edsimo potencial y queremos que tambi\u00e9n tengan la posibilidad de mostrar lo que hacemos, generar v\u00ednculos y acceder a nuevos mercados internacionales\u201d, afirm\u00f3.<\/p>\n<p>Para Caillat, el desaf\u00edo es que las oportunidades que genera la apertura comercial no queden concentradas en las grandes ciudades, sino que lleguen a cada localidad y a cada regi\u00f3n productiva de la provincia.<\/p>\n<p>\u201cEl norte santafesino tiene much\u00edsimo para ofrecer. Tenemos que seguir abriendo puertas para que nuestra producci\u00f3n llegue al mundo y para que el mundo tambi\u00e9n conozca todo lo que somos capaces de producir desde nuestro territorio\u201d, concluy\u00f3.<\/p>\n","protected":false},"excerpt":{"rendered":"<p>La representante departamental destac\u00f3 el potencial productivo de la regi\u00f3n y plante\u00f3 que el Departamento Vera pueda incorporar un circuito productivo en pr\u00f3ximas ediciones del Santa Fe Business Forum. La representante departamental Juliana Caillat acompa\u00f1\u00f3 la visita de compradores internacionales que llegaron al norte santafesino en el marco del Santa Fe Business Forum*, una iniciativa [&hellip;]<\/p>\n","protected":false},"author":3,"featured_media":74786,"comment_status":"open","ping_status":"open","sticky":false,"template":"","format":"standard","meta":{"_joinchat":[],"footnotes":""},"categories":[56],"tags":[],"class_list":["post-74785","post","type-post","status-publish","format-standard","has-post-thumbnail","category-destacados"],"_links":{"self":[{"href":"https:\/\/infovera.com.ar\/web\/wp-json\/wp\/v2\/posts\/74785","targetHints":{"allow":["GET"]}}],"collection":[{"href":"https:\/\/infovera.com.ar\/web\/wp-json\/wp\/v2\/posts"}],"about":[{"href":"https:\/\/infovera.com.ar\/web\/wp-json\/wp\/v2\/types\/post"}],"author":[{"embeddable":true,"href":"https:\/\/infovera.com.ar\/web\/wp-json\/wp\/v2\/users\/3"}],"replies":[{"embeddable":true,"href":"https:\/\/infovera.com.ar\/web\/wp-json\/wp\/v2\/comments?post=74785"}],"version-history":[{"count":2,"href":"https:\/\/infovera.com.ar\/web\/wp-json\/wp\/v2\/posts\/74785\/revisions"}],"predecessor-version":[{"id":74789,"href":"https:\/\/infovera.com.ar\/web\/wp-json\/wp\/v2\/posts\/74785\/revisions\/74789"}],"wp:featuredmedia":[{"embeddable":true,"href":"https:\/\/infovera.com.ar\/web\/wp-json\/wp\/v2\/media\/74786"}],"wp:attachment":[{"href":"https:\/\/infovera.com.ar\/web\/wp-json\/wp\/v2\/media?parent=74785"}],"wp:term":[{"taxonomy":"category","embeddable":true,"href":"https:\/\/infovera.com.ar\/web\/wp-json\/wp\/v2\/categories?post=74785"},{"taxonomy":"post_tag","embeddable":true,"href":"https:\/\/infovera.com.ar\/web\/wp-json\/wp\/v2\/tags?post=74785"}],"curies":[{"name":"wp","href":"https:\/\/api.w.org\/{rel}","templated":true}]}}