{"id":74780,"date":"2026-09-04T11:00:49","date_gmt":"2026-09-04T14:00:49","guid":{"rendered":"https:\/\/infovera.com.ar\/web\/?p=74780"},"modified":"2026-09-04T11:03:39","modified_gmt":"2026-09-04T14:03:39","slug":"industriales-del-norte-cara-a-cara-con-puccini-rutas-conectividad-area-gas-y-energia","status":"publish","type":"post","link":"https:\/\/infovera.com.ar\/web\/2026\/09\/04\/industriales-del-norte-cara-a-cara-con-puccini-rutas-conectividad-area-gas-y-energia\/","title":{"rendered":"Industriales del norte, cara a cara con Puccini: rutas, conectividad \u00e1rea, gas y energ\u00eda"},"content":{"rendered":"<p><strong>Representantes del sector expresaron la satisfacci\u00f3n por la llegada del evento por primera vez a la regi\u00f3n. Al mismo tiempo, plantearon necesidades centrales para mejorar la competitividad.<\/strong><\/p>\n<p>El jueves 3 de septiembre marc\u00f3 la llegada, por primera vez, del Santa Fe Business Forum 2026 al norte santafesino. La regi\u00f3n metropolitana Reconquista \u2013 Avellaneda recibi\u00f3 a compradores internacionales provenientes de Filipinas, Venezuela, M\u00e9xico, Australia, Nicaragua y Colombia, quienes recorrieron empresas con el objetivo de conocer de primera mano el potencial productivo y las oportunidades de negocios.<\/p>\n<p>Tras el periplo, las instalaciones de la firma Dolbi SA, en la zona sur de Avellaneda, albergaron la ronda de negocios, con la presencia del ministro de Desarrollo Productivo, Gustavo Puccini; su par de Trabajo, Roald \u201cCoco\u201d B\u00e1scolo; la senadora nacional Carolina Losada; el intendente local Gonzalo Braidot, y representantes del arco productivo.<br \/>\nEn di\u00e1logo con medios de prensa, el titular de la cartera productiva provincial asegur\u00f3 que \u201cbuscamos que esta iniciativa tenga continuidad y que la internacionalizaci\u00f3n de nuestras empresas se consolide como una pol\u00edtica de Estado en la provincia de Santa Fe.\u201d<\/p>\n<p><strong>Mercados y costos<\/strong><\/p>\n<p>En tanto, desde el sector industrial fue Elbio Dolzani quien valor\u00f3 que, por primera vez, una delegaci\u00f3n internacional del Santa Fe Business Forum recorriera empresas del norte provincial. Destac\u00f3 la posibilidad de abrir nuevos mercados, pero advirti\u00f3 sobre la presi\u00f3n impositiva, los costos log\u00edsticos y las dificultades que todav\u00eda enfrenta la industria para exportar.<\/p>\n<p>Dolzani -socio gerente de la firma anfitriona del meeting empresario- destac\u00f3 la decisi\u00f3n que permiti\u00f3 que empresarios internacionales conocieran de manera directa el potencial productivo e industrial de la regi\u00f3n, y record\u00f3 que durante a\u00f1os plante\u00f3 la necesidad de que este tipo de actividades no quedaran concentradas exclusivamente en Rosario, el sur provincial o, como m\u00e1ximo, la ciudad de Santa Fe. \u201cSiempre que ten\u00eda la oportunidad dec\u00eda: \u2018Che, el norte tambi\u00e9n existe, tenemos empresas en el norte\u2019\u201d.<\/p>\n<p>En ese sentido, apreci\u00f3 especialmente la decisi\u00f3n del ministro de Desarrollo Productivo, Gustavo Puccini, de extender las actividades hacia esta parte de la provincia. Seg\u00fan explic\u00f3, la comitiva estuvo integrada por unas 23 o 24 personas de distintos pa\u00edses, que recorrieron entre 12 y 15 empresas de la regi\u00f3n distribuidas en diferentes grupos.<\/p>\n<p><img loading=\"lazy\" decoding=\"async\" class=\"alignleft size-full wp-image-74782\" src=\"https:\/\/infovera.com.ar\/web\/wp-content\/uploads\/2026\/09\/WhatsApp-Image-2026-09-04-at-10.48.24-AM.jpeg\" alt=\"\" width=\"1024\" height=\"768\" srcset=\"https:\/\/infovera.com.ar\/web\/wp-content\/uploads\/2026\/09\/WhatsApp-Image-2026-09-04-at-10.48.24-AM.jpeg 1024w, https:\/\/infovera.com.ar\/web\/wp-content\/uploads\/2026\/09\/WhatsApp-Image-2026-09-04-at-10.48.24-AM-560x420.jpeg 560w, https:\/\/infovera.com.ar\/web\/wp-content\/uploads\/2026\/09\/WhatsApp-Image-2026-09-04-at-10.48.24-AM-80x60.jpeg 80w, https:\/\/infovera.com.ar\/web\/wp-content\/uploads\/2026\/09\/WhatsApp-Image-2026-09-04-at-10.48.24-AM-696x522.jpeg 696w, https:\/\/infovera.com.ar\/web\/wp-content\/uploads\/2026\/09\/WhatsApp-Image-2026-09-04-at-10.48.24-AM-265x198.jpeg 265w\" sizes=\"auto, (max-width: 1024px) 100vw, 1024px\" \/><\/p>\n<p><strong>A Etiop\u00eda<\/strong><\/p>\n<p>M\u00e1s all\u00e1 de la importancia institucional de la visita, Dolzani reconoci\u00f3 que concretar exportaciones de maquinaria argentina contin\u00faa siendo complejo.<br \/>\nSin embargo, revel\u00f3 que surgi\u00f3 una posibilidad comercial concreta a partir de las rondas de negocios: un empresario de Etiop\u00eda manifest\u00f3 inter\u00e9s en una cosechadora de algod\u00f3n fabricada por la empresa.<\/p>\n<p>El industrial explic\u00f3 que se trata de un producto muy espec\u00edfico y con escasa oferta internacional, circunstancia que podr\u00eda permitir ingresar a un nicho de mercado. Para los equipos de fabricaci\u00f3n m\u00e1s generalizada, en cambio, reconoci\u00f3 que la industria argentina tiene mayores dificultades para competir.<\/p>\n<p><strong>\u201cSeguimos estando caros\u201d<\/strong><\/p>\n<p>El dirigente empresarial -es presidente de la Asociaci\u00f3n Santafesina Industrial de la Maquinaria Agr\u00edcola (ASIMA), entidad que nuclea a los fabricantes de maquinaria agr\u00edcola de Santa Fe- puso el foco en uno de los principales problemas que, a su entender, condicionan la competitividad de la industria nacional: la carga impositiva.<\/p>\n<p>Seg\u00fan ejemplific\u00f3, alrededor del 30 % del valor de una m\u00e1quina argentina corresponde a impuestos, mientras que estim\u00f3 esa incidencia entre 15 y 17 % en Brasil y aproximadamente 20 % en M\u00e9xico.<\/p>\n<p>A eso agreg\u00f3 las desventajas que enfrenta una empresa radicada en el norte santafesino por las distancias hasta los principales puertos.<br \/>\nLos costos de transportar la producci\u00f3n hasta Z\u00e1rate, Rosario o Santa Fe, sumados a las trabas burocr\u00e1ticas para exportar, terminan impactando directamente sobre la posibilidad de competir en mercados internacionales, expuso.<\/p>\n<p>Planteos<\/p>\n<p>La presencia del Business Forum tambi\u00e9n permiti\u00f3 que los industriales de la regi\u00f3n mantuvieran una reuni\u00f3n de casi una hora con el ministro Gustavo Puccini antes de la llegada de las delegaciones internacionales.<\/p>\n<p>Durante el encuentro plantearon problemas vinculados con energ\u00eda, conectividad, infraestructura vial, disponibilidad de gas para el sector industrial y conexiones a\u00e9reas, entre otros asuntos considerados fundamentales para potenciar el desarrollo productivo del norte.<\/p>\n<p>Dolzani se\u00f1al\u00f3 que Puccini recibi\u00f3 los planteos y se comprometi\u00f3 a acompa\u00f1ar gestiones, aunque reconoci\u00f3 que muchas de las soluciones dependen de decisiones del Gobierno nacional. \u201cLe pudimos plantear al ministro algunos temas que nos preocupan: la energ\u00eda, la conectividad, el tema vial, el gas para el sector industrial y las conexiones a\u00e9reas.\u201d<\/p>\n<p>\u201cHemos tenido casi una hora de reuni\u00f3n con el ministro en nuestra empresa, donde estuvieron la mayor\u00eda de las empresas industriales locales. Son todos temas que nos preocupan los industriales y que queremos resolver para que se siga potenciando nuestra regi\u00f3n en cuanto a la industria\u201d, se explay\u00f3 Dolzani, que luego valor\u00f3 que \u201cel ministro es muy abierto. Se llev\u00f3 una serie de pedidos nuestros; nos plante\u00f3 con toda franqueza hasta d\u00f3nde podr\u00eda llegar, pero nos va a acompa\u00f1ar en algunas gestiones.\u201d<\/p>\n<p>En esa l\u00ednea, sostuvo que \u201choy tenemos mucho acompa\u00f1amiento del Gobierno provincial; ac\u00e1 en el norte se siente ese acompa\u00f1amiento.\u201d<\/p>\n<p><strong>Importaciones y dificultades<\/strong><\/p>\n<p>El empresario tambi\u00e9n analiz\u00f3 el escenario que atraviesa actualmente la industria argentina. Si bien consider\u00f3 que el pa\u00eds no puede permanecer aislado del mundo, cuestion\u00f3 que la apertura de las importaciones no haya sido gradual.<br \/>\n\u201cA nosotros poder importar es bastante simple y sencillo hoy. Pero poder exportar tenemos las mismas trabas burocr\u00e1ticas que hace 20 o 30 a\u00f1os atr\u00e1s\u201d, plante\u00f3.<\/p>\n<p>En el sector de maquinaria agr\u00edcola indic\u00f3 que los fabricantes de sembradoras todav\u00eda no sienten el impacto con la misma intensidad, aunque advirti\u00f3 una fuerte competencia sobre los agropartistas, por el \u201cingreso de productos m\u00e1s econ\u00f3micos provenientes de China e India\u201d. Tambi\u00e9n se\u00f1al\u00f3 dificultades para fabricantes de tractores y cosechadoras y expres\u00f3 preocupaci\u00f3n por el conjunto del entramado metal\u00fargico industrial.<\/p>\n<p><strong>\u201cSeguir golpeando puertas\u201d<\/strong><\/p>\n<p>Pese a las dificultades, Dolzani rescat\u00f3 el acompa\u00f1amiento que actualmente perciben los industriales del norte por parte del Gobierno provincial y destac\u00f3 la posibilidad de mantener un di\u00e1logo directo con sus autoridades.<\/p>\n<p>Para el empresario, la llegada del Santa Fe Business Forum representa tambi\u00e9n un reconocimiento a una regi\u00f3n que durante a\u00f1os reclam\u00f3 mayor participaci\u00f3n en las pol\u00edticas de promoci\u00f3n productiva e internacionalizaci\u00f3n.<\/p>\n<p>\u201cTenemos que seguir golpeando puertas\u201d, resumi\u00f3 Dolzani, quien sostuvo que los planteos deben estar acompa\u00f1ados por propuestas concretas para mejorar las condiciones de inversi\u00f3n y competitividad de las PyMEs industriales.<\/p>\n","protected":false},"excerpt":{"rendered":"<p>Representantes del sector expresaron la satisfacci\u00f3n por la llegada del evento por primera vez a la regi\u00f3n. Al mismo tiempo, plantearon necesidades centrales para mejorar la competitividad. El jueves 3 de septiembre marc\u00f3 la llegada, por primera vez, del Santa Fe Business Forum 2026 al norte santafesino. La regi\u00f3n metropolitana Reconquista \u2013 Avellaneda recibi\u00f3 a [&hellip;]<\/p>\n","protected":false},"author":3,"featured_media":74781,"comment_status":"open","ping_status":"open","sticky":false,"template":"","format":"standard","meta":{"_joinchat":[],"footnotes":""},"categories":[56],"tags":[],"class_list":["post-74780","post","type-post","status-publish","format-standard","has-post-thumbnail","category-destacados"],"_links":{"self":[{"href":"https:\/\/infovera.com.ar\/web\/wp-json\/wp\/v2\/posts\/74780","targetHints":{"allow":["GET"]}}],"collection":[{"href":"https:\/\/infovera.com.ar\/web\/wp-json\/wp\/v2\/posts"}],"about":[{"href":"https:\/\/infovera.com.ar\/web\/wp-json\/wp\/v2\/types\/post"}],"author":[{"embeddable":true,"href":"https:\/\/infovera.com.ar\/web\/wp-json\/wp\/v2\/users\/3"}],"replies":[{"embeddable":true,"href":"https:\/\/infovera.com.ar\/web\/wp-json\/wp\/v2\/comments?post=74780"}],"version-history":[{"count":2,"href":"https:\/\/infovera.com.ar\/web\/wp-json\/wp\/v2\/posts\/74780\/revisions"}],"predecessor-version":[{"id":74784,"href":"https:\/\/infovera.com.ar\/web\/wp-json\/wp\/v2\/posts\/74780\/revisions\/74784"}],"wp:featuredmedia":[{"embeddable":true,"href":"https:\/\/infovera.com.ar\/web\/wp-json\/wp\/v2\/media\/74781"}],"wp:attachment":[{"href":"https:\/\/infovera.com.ar\/web\/wp-json\/wp\/v2\/media?parent=74780"}],"wp:term":[{"taxonomy":"category","embeddable":true,"href":"https:\/\/infovera.com.ar\/web\/wp-json\/wp\/v2\/categories?post=74780"},{"taxonomy":"post_tag","embeddable":true,"href":"https:\/\/infovera.com.ar\/web\/wp-json\/wp\/v2\/tags?post=74780"}],"curies":[{"name":"wp","href":"https:\/\/api.w.org\/{rel}","templated":true}]}}