{"id":74772,"date":"2026-09-03T21:32:12","date_gmt":"2026-09-04T00:32:12","guid":{"rendered":"https:\/\/infovera.com.ar\/web\/?p=74772"},"modified":"2026-09-03T21:32:12","modified_gmt":"2026-09-04T00:32:12","slug":"vera-detuvieron-esta-noche-al-hombre-denunciado-por-intento-de-robo-y-agresion-sexual-en-la-rotonda","status":"publish","type":"post","link":"https:\/\/infovera.com.ar\/web\/2026\/09\/03\/vera-detuvieron-esta-noche-al-hombre-denunciado-por-intento-de-robo-y-agresion-sexual-en-la-rotonda\/","title":{"rendered":"Vera: detuvieron esta noche al hombre denunciado por intento de robo y agresi\u00f3n sexual en La Rotonda"},"content":{"rendered":"<p><strong>El hombre que hab\u00eda sido denunciado por una mujer de 32 a\u00f1os por un grave hecho ocurrido en la madrugada del domingo 31 de agosto en la rotonda de Ruta 98 y Ruta 11, fue detenido esta noche, seg\u00fan la informaci\u00f3n aportada a InfoVera por el abogado Sixto Gonz\u00e1lez, que asesora a la pretensa v\u00edctima. Fue identificado como Rodrigo F.<\/strong><\/p>\n<p>El hecho hab\u00eda sido denunciado ante el Ministerio P\u00fablico de la Acusaci\u00f3n de Vera con el patrocinio del profesional. De acuerdo a la denuncia, la v\u00edctima fue abordada cerca de la 1 AM cuando estaba en la rotonda, amenazada con un arma blanca y llevada hasta un rancho precario sobre Ruta 98, donde se habr\u00eda producido la agresi\u00f3n f\u00edsica y el intento de abuso.<\/p>\n<p>La mujer logr\u00f3 escapar, pedir ayuda y fue asistida por polic\u00eda y ambulancia. Fue atendida en un centro de salud local donde, seg\u00fan informe m\u00e9dico del 31\/08\/26, se constataron m\u00faltiples escoriaciones en rostro y cuello, hematomas, lesi\u00f3n contusa en abdomen y lesiones en rodillas, sin fracturas. El informe indic\u00f3 tratamiento sintom\u00e1tico y derivaci\u00f3n a Salud Mental.<\/p>\n<p>En su presentaci\u00f3n, la v\u00edctima hab\u00eda solicitado al MPA la inmediata detenci\u00f3n del presunto agresor por temor a su integridad f\u00edsica y ps\u00edquica, y una restricci\u00f3n de acercamiento.<\/p>\n<p>Con la detenci\u00f3n concretada esta noche, el acusado qued\u00f3 a disposici\u00f3n de la Fiscal\u00eda para la audiencia imputativa y el dictado de medidas cautelares.<\/p>\n<p>La causa se investiga como tentativa de robo y agresi\u00f3n sexual en contexto de violencia de g\u00e9nero.<\/p>\n","protected":false},"excerpt":{"rendered":"<p>El hombre que hab\u00eda sido denunciado por una mujer de 32 a\u00f1os por un grave hecho ocurrido en la madrugada del domingo 31 de agosto en la rotonda de Ruta 98 y Ruta 11, fue detenido esta noche, seg\u00fan la informaci\u00f3n aportada a InfoVera por el abogado Sixto Gonz\u00e1lez, que asesora a la pretensa v\u00edctima. [&hellip;]<\/p>\n","protected":false},"author":3,"featured_media":62629,"comment_status":"open","ping_status":"open","sticky":false,"template":"","format":"standard","meta":{"_joinchat":[],"footnotes":""},"categories":[56],"tags":[],"class_list":["post-74772","post","type-post","status-publish","format-standard","has-post-thumbnail","category-destacados"],"_links":{"self":[{"href":"https:\/\/infovera.com.ar\/web\/wp-json\/wp\/v2\/posts\/74772","targetHints":{"allow":["GET"]}}],"collection":[{"href":"https:\/\/infovera.com.ar\/web\/wp-json\/wp\/v2\/posts"}],"about":[{"href":"https:\/\/infovera.com.ar\/web\/wp-json\/wp\/v2\/types\/post"}],"author":[{"embeddable":true,"href":"https:\/\/infovera.com.ar\/web\/wp-json\/wp\/v2\/users\/3"}],"replies":[{"embeddable":true,"href":"https:\/\/infovera.com.ar\/web\/wp-json\/wp\/v2\/comments?post=74772"}],"version-history":[{"count":2,"href":"https:\/\/infovera.com.ar\/web\/wp-json\/wp\/v2\/posts\/74772\/revisions"}],"predecessor-version":[{"id":74774,"href":"https:\/\/infovera.com.ar\/web\/wp-json\/wp\/v2\/posts\/74772\/revisions\/74774"}],"wp:featuredmedia":[{"embeddable":true,"href":"https:\/\/infovera.com.ar\/web\/wp-json\/wp\/v2\/media\/62629"}],"wp:attachment":[{"href":"https:\/\/infovera.com.ar\/web\/wp-json\/wp\/v2\/media?parent=74772"}],"wp:term":[{"taxonomy":"category","embeddable":true,"href":"https:\/\/infovera.com.ar\/web\/wp-json\/wp\/v2\/categories?post=74772"},{"taxonomy":"post_tag","embeddable":true,"href":"https:\/\/infovera.com.ar\/web\/wp-json\/wp\/v2\/tags?post=74772"}],"curies":[{"name":"wp","href":"https:\/\/api.w.org\/{rel}","templated":true}]}}