{"id":74763,"date":"2026-09-03T16:55:21","date_gmt":"2026-09-03T19:55:21","guid":{"rendered":"https:\/\/infovera.com.ar\/web\/?p=74763"},"modified":"2026-09-03T16:55:21","modified_gmt":"2026-09-03T19:55:21","slug":"rojas-mas-fiscales-significan-mayor-capacidad-para-investigar-y-dar-respuestas","status":"publish","type":"post","link":"https:\/\/infovera.com.ar\/web\/2026\/09\/03\/rojas-mas-fiscales-significan-mayor-capacidad-para-investigar-y-dar-respuestas\/","title":{"rendered":"Rojas: \u201cM\u00e1s fiscales significan mayor capacidad para investigar y dar respuestas\u201d"},"content":{"rendered":"<p><strong>La Legislatura aprob\u00f3 este jueves, en sesi\u00f3n conjunta, la designaci\u00f3n de cinco nuevos fiscales para el norte santafesino.<\/strong><\/p>\n<p>La C\u00e1mara de Diputados de Santa Fe aprob\u00f3 la designaci\u00f3n de Juan Pablo Malberti, Rita Mar\u00eda de los \u00c1ngeles Llamas, Valentina Mar\u00eda Alesso, Leandro Leonel Arraga y Eduardo C\u00e9sar Sequeira Alegre como nuevos fiscales para la 4\u00aa Circunscripci\u00f3n Judicial, que comprende Vera, General Obligado y localidades de San Javier.<\/p>\n<p>\u201cPara que la Justicia pueda dar respuestas, necesita contar con las herramientas y los recursos humanos necesarios. La incorporaci\u00f3n de estos cinco fiscales es un paso importante para mejorar el funcionamiento de la Justicia en nuestra regi\u00f3n\u201d, se\u00f1al\u00f3 el diputado Sergio \u201cChiqui\u201d Rojas.<\/p>\n<p>En el sistema acusatorio, los fiscales tienen a su cargo la investigaci\u00f3n de los delitos y el impulso de las causas penales. Contar con m\u00e1s profesionales permite distribuir mejor el trabajo y reducir la sobrecarga, favoreciendo un funcionamiento m\u00e1s eficiente del sistema.<\/p>\n<p>La incorporaci\u00f3n de estos cinco cargos permitir\u00e1 ampliar la capacidad de investigaci\u00f3n del Ministerio P\u00fablico de la Acusaci\u00f3n y mejorar la atenci\u00f3n y el seguimiento de las causas penales en el norte santafesino.<\/p>\n","protected":false},"excerpt":{"rendered":"<p>La Legislatura aprob\u00f3 este jueves, en sesi\u00f3n conjunta, la designaci\u00f3n de cinco nuevos fiscales para el norte santafesino. La C\u00e1mara de Diputados de Santa Fe aprob\u00f3 la designaci\u00f3n de Juan Pablo Malberti, Rita Mar\u00eda de los \u00c1ngeles Llamas, Valentina Mar\u00eda Alesso, Leandro Leonel Arraga y Eduardo C\u00e9sar Sequeira Alegre como nuevos fiscales para la 4\u00aa [&hellip;]<\/p>\n","protected":false},"author":3,"featured_media":74764,"comment_status":"open","ping_status":"open","sticky":false,"template":"","format":"standard","meta":{"_joinchat":[],"footnotes":""},"categories":[56],"tags":[],"class_list":["post-74763","post","type-post","status-publish","format-standard","has-post-thumbnail","category-destacados"],"_links":{"self":[{"href":"https:\/\/infovera.com.ar\/web\/wp-json\/wp\/v2\/posts\/74763","targetHints":{"allow":["GET"]}}],"collection":[{"href":"https:\/\/infovera.com.ar\/web\/wp-json\/wp\/v2\/posts"}],"about":[{"href":"https:\/\/infovera.com.ar\/web\/wp-json\/wp\/v2\/types\/post"}],"author":[{"embeddable":true,"href":"https:\/\/infovera.com.ar\/web\/wp-json\/wp\/v2\/users\/3"}],"replies":[{"embeddable":true,"href":"https:\/\/infovera.com.ar\/web\/wp-json\/wp\/v2\/comments?post=74763"}],"version-history":[{"count":2,"href":"https:\/\/infovera.com.ar\/web\/wp-json\/wp\/v2\/posts\/74763\/revisions"}],"predecessor-version":[{"id":74766,"href":"https:\/\/infovera.com.ar\/web\/wp-json\/wp\/v2\/posts\/74763\/revisions\/74766"}],"wp:featuredmedia":[{"embeddable":true,"href":"https:\/\/infovera.com.ar\/web\/wp-json\/wp\/v2\/media\/74764"}],"wp:attachment":[{"href":"https:\/\/infovera.com.ar\/web\/wp-json\/wp\/v2\/media?parent=74763"}],"wp:term":[{"taxonomy":"category","embeddable":true,"href":"https:\/\/infovera.com.ar\/web\/wp-json\/wp\/v2\/categories?post=74763"},{"taxonomy":"post_tag","embeddable":true,"href":"https:\/\/infovera.com.ar\/web\/wp-json\/wp\/v2\/tags?post=74763"}],"curies":[{"name":"wp","href":"https:\/\/api.w.org\/{rel}","templated":true}]}}