{"id":74760,"date":"2026-09-03T14:00:10","date_gmt":"2026-09-03T17:00:10","guid":{"rendered":"https:\/\/infovera.com.ar\/web\/?p=74760"},"modified":"2026-09-03T14:00:10","modified_gmt":"2026-09-03T17:00:10","slug":"el-concejo-declaro-de-interes-municipal-la-76a-exposicion-nacional-expo-rural-vera","status":"publish","type":"post","link":"https:\/\/infovera.com.ar\/web\/2026\/09\/03\/el-concejo-declaro-de-interes-municipal-la-76a-exposicion-nacional-expo-rural-vera\/","title":{"rendered":"El Concejo declar\u00f3 de inter\u00e9s municipal la 76\u00aa Exposici\u00f3n Nacional Expo-Rural Vera"},"content":{"rendered":"<p><strong>El \u00f3rgano legislativo declar\u00f3 de inter\u00e9s municipal, social y cultural a la 76\u00aa Exposici\u00f3n Nacional Expo-Rural Vera\u2013 Edici\u00f3n Especial &#8220;Fiesta Provincial del B\u00fafalo&#8221;, que se desarrollar\u00e1 entre el 4 y el 6 de septiembre de 2026 en las instalaciones de la Sociedad Rural de Vera. <\/strong><\/p>\n<p>El texto, impulsado por la concejal Ana Paula Capello, reconoce expl\u00edcitamente el trabajo, la resiliencia y el compromiso de los productores e instituciones del sector rural para encarar la muestra en un contexto adverso producto del fen\u00f3meno clim\u00e1tico El Ni\u00f1o.<\/p>\n<p>La resoluci\u00f3n valora el impacto productivo, el espacio de formaci\u00f3n t\u00e9cnica, la muestra comercial, el desarrollo de la Fiesta Provincial del B\u00fafalo y las variadas propuestas culturales y recreativas orientadas a la comunidad.<\/p>\n","protected":false},"excerpt":{"rendered":"<p>El \u00f3rgano legislativo declar\u00f3 de inter\u00e9s municipal, social y cultural a la 76\u00aa Exposici\u00f3n Nacional Expo-Rural Vera\u2013 Edici\u00f3n Especial &#8220;Fiesta Provincial del B\u00fafalo&#8221;, que se desarrollar\u00e1 entre el 4 y el 6 de septiembre de 2026 en las instalaciones de la Sociedad Rural de Vera. El texto, impulsado por la concejal Ana Paula Capello, reconoce [&hellip;]<\/p>\n","protected":false},"author":3,"featured_media":74761,"comment_status":"open","ping_status":"open","sticky":false,"template":"","format":"standard","meta":{"_joinchat":[],"footnotes":""},"categories":[50,53],"tags":[],"class_list":["post-74760","post","type-post","status-publish","format-standard","has-post-thumbnail","category-rurales","category-vera"],"_links":{"self":[{"href":"https:\/\/infovera.com.ar\/web\/wp-json\/wp\/v2\/posts\/74760","targetHints":{"allow":["GET"]}}],"collection":[{"href":"https:\/\/infovera.com.ar\/web\/wp-json\/wp\/v2\/posts"}],"about":[{"href":"https:\/\/infovera.com.ar\/web\/wp-json\/wp\/v2\/types\/post"}],"author":[{"embeddable":true,"href":"https:\/\/infovera.com.ar\/web\/wp-json\/wp\/v2\/users\/3"}],"replies":[{"embeddable":true,"href":"https:\/\/infovera.com.ar\/web\/wp-json\/wp\/v2\/comments?post=74760"}],"version-history":[{"count":1,"href":"https:\/\/infovera.com.ar\/web\/wp-json\/wp\/v2\/posts\/74760\/revisions"}],"predecessor-version":[{"id":74762,"href":"https:\/\/infovera.com.ar\/web\/wp-json\/wp\/v2\/posts\/74760\/revisions\/74762"}],"wp:featuredmedia":[{"embeddable":true,"href":"https:\/\/infovera.com.ar\/web\/wp-json\/wp\/v2\/media\/74761"}],"wp:attachment":[{"href":"https:\/\/infovera.com.ar\/web\/wp-json\/wp\/v2\/media?parent=74760"}],"wp:term":[{"taxonomy":"category","embeddable":true,"href":"https:\/\/infovera.com.ar\/web\/wp-json\/wp\/v2\/categories?post=74760"},{"taxonomy":"post_tag","embeddable":true,"href":"https:\/\/infovera.com.ar\/web\/wp-json\/wp\/v2\/tags?post=74760"}],"curies":[{"name":"wp","href":"https:\/\/api.w.org\/{rel}","templated":true}]}}