{"id":74758,"date":"2026-09-03T13:51:21","date_gmt":"2026-09-03T16:51:21","guid":{"rendered":"https:\/\/infovera.com.ar\/web\/?p=74758"},"modified":"2026-09-03T13:51:21","modified_gmt":"2026-09-03T16:51:21","slug":"barbona-logro-la-aprobacion-de-un-pedido-de-informe-sobre-fondos-para-la-emergencia-hidrica","status":"publish","type":"post","link":"https:\/\/infovera.com.ar\/web\/2026\/09\/03\/barbona-logro-la-aprobacion-de-un-pedido-de-informe-sobre-fondos-para-la-emergencia-hidrica\/","title":{"rendered":"Barbona logr\u00f3 la aprobaci\u00f3n de un pedido de informe sobre fondos para la emergencia h\u00eddrica"},"content":{"rendered":"<p><strong>Mediante un requerimiento formal dictaminado de manera un\u00e1nime, el Concejo Municipal -a instancias del concejal Javier Barbona- solicit\u00f3 al Departamento Ejecutivo la remisi\u00f3n de un informe completo y documentado sobre los fondos p\u00fablicos nacionales, provinciales u otros aportes extraordinarios recibidos entre el 01 de junio y el 31 de diciembre de 2025 con motivo de la emergencia h\u00eddrica de mayo de ese mismo a\u00f1o. <\/strong><\/p>\n<p>&#8220;El pedido de informes busca aportar claridad al an\u00e1lisis de la Ejecuci\u00f3n Presupuestaria del Ejercicio 2025 que se halla en revisi\u00f3n de comisiones&#8221;, se explic\u00f3 desde el Concejo.<\/p>\n<p>La resoluci\u00f3n exige detallar las fechas de recepci\u00f3n, cuentas bancarias de destino, montos, actos administrativos de otorgamiento y la rendici\u00f3n pormenorizada del uso de dichos recursos (obras, servicios, bienes adquiridos, subsidios y contratistas).<\/p>\n","protected":false},"excerpt":{"rendered":"<p>Mediante un requerimiento formal dictaminado de manera un\u00e1nime, el Concejo Municipal -a instancias del concejal Javier Barbona- solicit\u00f3 al Departamento Ejecutivo la remisi\u00f3n de un informe completo y documentado sobre los fondos p\u00fablicos nacionales, provinciales u otros aportes extraordinarios recibidos entre el 01 de junio y el 31 de diciembre de 2025 con motivo de [&hellip;]<\/p>\n","protected":false},"author":3,"featured_media":70960,"comment_status":"open","ping_status":"open","sticky":false,"template":"","format":"standard","meta":{"_joinchat":[],"footnotes":""},"categories":[28,53],"tags":[],"class_list":["post-74758","post","type-post","status-publish","format-standard","has-post-thumbnail","category-legislativas","category-vera"],"_links":{"self":[{"href":"https:\/\/infovera.com.ar\/web\/wp-json\/wp\/v2\/posts\/74758","targetHints":{"allow":["GET"]}}],"collection":[{"href":"https:\/\/infovera.com.ar\/web\/wp-json\/wp\/v2\/posts"}],"about":[{"href":"https:\/\/infovera.com.ar\/web\/wp-json\/wp\/v2\/types\/post"}],"author":[{"embeddable":true,"href":"https:\/\/infovera.com.ar\/web\/wp-json\/wp\/v2\/users\/3"}],"replies":[{"embeddable":true,"href":"https:\/\/infovera.com.ar\/web\/wp-json\/wp\/v2\/comments?post=74758"}],"version-history":[{"count":1,"href":"https:\/\/infovera.com.ar\/web\/wp-json\/wp\/v2\/posts\/74758\/revisions"}],"predecessor-version":[{"id":74759,"href":"https:\/\/infovera.com.ar\/web\/wp-json\/wp\/v2\/posts\/74758\/revisions\/74759"}],"wp:featuredmedia":[{"embeddable":true,"href":"https:\/\/infovera.com.ar\/web\/wp-json\/wp\/v2\/media\/70960"}],"wp:attachment":[{"href":"https:\/\/infovera.com.ar\/web\/wp-json\/wp\/v2\/media?parent=74758"}],"wp:term":[{"taxonomy":"category","embeddable":true,"href":"https:\/\/infovera.com.ar\/web\/wp-json\/wp\/v2\/categories?post=74758"},{"taxonomy":"post_tag","embeddable":true,"href":"https:\/\/infovera.com.ar\/web\/wp-json\/wp\/v2\/tags?post=74758"}],"curies":[{"name":"wp","href":"https:\/\/api.w.org\/{rel}","templated":true}]}}