{"id":74744,"date":"2026-09-03T10:05:19","date_gmt":"2026-09-03T13:05:19","guid":{"rendered":"https:\/\/infovera.com.ar\/web\/?p=74744"},"modified":"2026-09-03T10:05:19","modified_gmt":"2026-09-03T13:05:19","slug":"identificaron-al-sospechoso-de-atropellar-y-matar-al-perro-marcelo-en-calchaqui","status":"publish","type":"post","link":"https:\/\/infovera.com.ar\/web\/2026\/09\/03\/identificaron-al-sospechoso-de-atropellar-y-matar-al-perro-marcelo-en-calchaqui\/","title":{"rendered":"Identificaron al sospechoso de atropellar y matar al perro &#8220;Marcelo&#8221; en Calchaqu\u00ed"},"content":{"rendered":"<p><strong>La Polic\u00eda avanz\u00f3 en la investigaci\u00f3n iniciada tras la denuncia por la muerte del conocido perro callejero. Mediante las diligencias realizadas, estableci\u00f3 qui\u00e9n ser\u00eda el presunto responsable del hecho. La causa se tramita por una presunta infracci\u00f3n a la Ley Nacional N.\u00ba 14.346 de maltrato animal e interviene el Ministerio P\u00fablico de la Acusaci\u00f3n.<\/strong><\/p>\n<p>La Polic\u00eda identific\u00f3 al presunto autor del hecho en el que muri\u00f3 \u201cMarcelo\u201d, el perro callejero conocido y querido por vecinos de Calchaqu\u00ed, cuyo caso hab\u00eda generado indignaci\u00f3n y un fuerte reclamo para que lo sucedido no quedara impune.<\/p>\n<p>De acuerdo con la informaci\u00f3n oficial de la Unidad Regional XIX, personal de la Comisar\u00eda 2\u00aa de Calchaqu\u00ed tom\u00f3 intervenci\u00f3n a partir de una denuncia vinculada con un hecho de maltrato animal ocurrido en inmediaciones de calle Roque S\u00e1enz Pe\u00f1a.<\/p>\n<p>El episodio se produjo alrededor de las 19:15 del 31 de agosto y qued\u00f3 encuadrado, en principio, como una presunta infracci\u00f3n a la Ley Nacional N.\u00ba 14.346, conocida como Ley Sarmiento, que sanciona los malos tratos y actos de crueldad hacia los animales.<\/p>\n<p>Seg\u00fan inform\u00f3 la fuerza, a partir de la denuncia y de las investigaciones realizadas, los funcionarios policiales lograron establecer qui\u00e9n ser\u00eda el presunto autor del hecho y llevaron adelante las diligencias correspondientes.<\/p>\n<p>De acuerdo a informaci\u00f3n a la que tuvo acceso <strong>InfoVera<\/strong>, el vecino D. E., mayor de edad, presunto responsable del hecho, se hizo presente en la comisar\u00eda donde se cumplimentaron las medidas y diligencias de rigor correspondientes. Luego, se retir\u00f3 en estado de libertad.<\/p>\n<p>La investigaci\u00f3n qued\u00f3 bajo intervenci\u00f3n del Ministerio P\u00fablico de la Acusaci\u00f3n (MPA).<\/p>\n<p><strong>El caso que gener\u00f3 indigaci\u00f3n<\/strong><\/p>\n<p>Como hab\u00eda informado <strong>InfoVera<\/strong>, la muerte de Marcelo provoc\u00f3 una fuerte reacci\u00f3n entre vecinos de Calchaqu\u00ed, quienes denunciaron que el perro habr\u00eda sido atropellado intencionalmente.<\/p>\n<p>Marcelo era un perro de la calle, pero desde hac\u00eda tiempo era cuidado y alimentado por personas del barrio. Seg\u00fan relat\u00f3 una vecina a este medio, habitualmente permanec\u00eda en un comercio de la zona, donde hab\u00eda encontrado un lugar de referencia y era considerado pr\u00e1cticamente una mascota del barrio.<\/p>\n<p>Tras el episodio, vecinos realizaron la denuncia y comenzaron a reclamar p\u00fablicamente que las circunstancias de la muerte fueran investigadas.<\/p>\n<p>Los denunciantes sostuvieron que el conductor del veh\u00edculo habr\u00eda tenido la posibilidad de esquivar al animal y que no lo hizo. Adem\u00e1s, se\u00f1alaron la existencia de un registro en video del episodio.<\/p>\n<p>A partir de la repercusi\u00f3n del caso tambi\u00e9n surgieron testimonios que vinculaban al presunto responsable con otros supuestos episodios de violencia contra animales. Esas afirmaciones corresponden a relatos de vecinos y deber\u00e1n ser corroboradas en el marco de la investigaci\u00f3n.<\/p>\n<p>\u201cMarcelo era un perro de la calle, muy querido por todos los del barrio\u201d, hab\u00edan se\u00f1alado vecinos a <strong>InfoVera.<\/strong><\/p>\n<p>Una de las vecinas hab\u00eda reclamado adem\u00e1s que \u201cesto no quede en la nada, que haya justicia por los que no tienen voz\u201d.<\/p>\n<p>Ahora, la investigaci\u00f3n policial permiti\u00f3 establecer la identidad de quien ser\u00eda el presunto autor del hecho, mientras la causa contin\u00faa bajo intervenci\u00f3n del MPA.<\/p>\n","protected":false},"excerpt":{"rendered":"<p>La Polic\u00eda avanz\u00f3 en la investigaci\u00f3n iniciada tras la denuncia por la muerte del conocido perro callejero. Mediante las diligencias realizadas, estableci\u00f3 qui\u00e9n ser\u00eda el presunto responsable del hecho. La causa se tramita por una presunta infracci\u00f3n a la Ley Nacional N.\u00ba 14.346 de maltrato animal e interviene el Ministerio P\u00fablico de la Acusaci\u00f3n. La [&hellip;]<\/p>\n","protected":false},"author":3,"featured_media":74746,"comment_status":"open","ping_status":"open","sticky":false,"template":"","format":"standard","meta":{"_joinchat":[],"footnotes":""},"categories":[56],"tags":[],"class_list":["post-74744","post","type-post","status-publish","format-standard","has-post-thumbnail","category-destacados"],"_links":{"self":[{"href":"https:\/\/infovera.com.ar\/web\/wp-json\/wp\/v2\/posts\/74744","targetHints":{"allow":["GET"]}}],"collection":[{"href":"https:\/\/infovera.com.ar\/web\/wp-json\/wp\/v2\/posts"}],"about":[{"href":"https:\/\/infovera.com.ar\/web\/wp-json\/wp\/v2\/types\/post"}],"author":[{"embeddable":true,"href":"https:\/\/infovera.com.ar\/web\/wp-json\/wp\/v2\/users\/3"}],"replies":[{"embeddable":true,"href":"https:\/\/infovera.com.ar\/web\/wp-json\/wp\/v2\/comments?post=74744"}],"version-history":[{"count":1,"href":"https:\/\/infovera.com.ar\/web\/wp-json\/wp\/v2\/posts\/74744\/revisions"}],"predecessor-version":[{"id":74747,"href":"https:\/\/infovera.com.ar\/web\/wp-json\/wp\/v2\/posts\/74744\/revisions\/74747"}],"wp:featuredmedia":[{"embeddable":true,"href":"https:\/\/infovera.com.ar\/web\/wp-json\/wp\/v2\/media\/74746"}],"wp:attachment":[{"href":"https:\/\/infovera.com.ar\/web\/wp-json\/wp\/v2\/media?parent=74744"}],"wp:term":[{"taxonomy":"category","embeddable":true,"href":"https:\/\/infovera.com.ar\/web\/wp-json\/wp\/v2\/categories?post=74744"},{"taxonomy":"post_tag","embeddable":true,"href":"https:\/\/infovera.com.ar\/web\/wp-json\/wp\/v2\/tags?post=74744"}],"curies":[{"name":"wp","href":"https:\/\/api.w.org\/{rel}","templated":true}]}}