{"id":74737,"date":"2026-09-02T19:28:46","date_gmt":"2026-09-02T22:28:46","guid":{"rendered":"https:\/\/infovera.com.ar\/web\/?p=74737"},"modified":"2026-09-02T19:41:03","modified_gmt":"2026-09-02T22:41:03","slug":"lo-agarre-de-los-genitales-para-defenderme-una-mujer-escapo-de-un-intento-abuso-sexual-en-vera","status":"publish","type":"post","link":"https:\/\/infovera.com.ar\/web\/2026\/09\/02\/lo-agarre-de-los-genitales-para-defenderme-una-mujer-escapo-de-un-intento-abuso-sexual-en-vera\/","title":{"rendered":"&#8220;Lo agarr\u00e9 de los genitales para defenderme&#8221;: una mujer escap\u00f3 de un intento de abuso sexual en Vera"},"content":{"rendered":"<p class=\"PDq2pG_selectionAnchorContainer\" data-start=\"49\" data-end=\"149\"><strong data-start=\"49\" data-end=\"149\">Una mujer denunci\u00f3 que fue atacada con un cuchillo y logr\u00f3 escapar de un intento de abuso sexual.<\/strong><\/p>\n<p data-start=\"151\" data-end=\"364\">Una mujer de Vera denunci\u00f3 haber sido v\u00edctima de un violento ataque durante la madrugada del domingo, cuando se encontraba en inmediaciones de la intersecci\u00f3n de las rutas nacionales 11 y 98 esperando la llegada de su esposo.<\/p>\n<p data-start=\"366\" data-end=\"647\">Seg\u00fan relat\u00f3 la propia denunciante a <strong data-start=\"403\" data-end=\"415\">InfoVera<\/strong>, un hombre se acerc\u00f3 mientras ella aguardaba en el sector de La Rotonda, sur de la ciudad, y luego de un breve intercambio de palabras, la sorprendi\u00f3 por detr\u00e1s, sujet\u00e1ndola del cuello y coloc\u00e1ndole un cuchillo a la altura de la zona lumbar.<\/p>\n<p data-start=\"649\" data-end=\"903\">Siempre de acuerdo con su testimonio, bajo amenazas el agresor la oblig\u00f3 a desplazarse en su motocicleta unos trescientos de metros por la Ruta 98. All\u00ed habr\u00eda intentado hacerla ingresar a una construcci\u00f3n ubicada en las inmediaciones, pero la mujer se neg\u00f3.<\/p>\n<p data-start=\"905\" data-end=\"1243\">La situaci\u00f3n deriv\u00f3 en un violento forcejeo. La denunciante asegur\u00f3 que el hombre la arroj\u00f3 al suelo, la sujet\u00f3 del cuello y le tap\u00f3 la boca, provoc\u00e1ndole dificultades para respirar. En ese contexto, afirm\u00f3 que <strong>el agresor le manifest\u00f3 expl\u00edcitamente su intenci\u00f3n de abusar sexualmente de ella y posteriormente sustraerle sus pertenencias.<\/strong><\/p>\n<p data-start=\"905\" data-end=\"1243\"><strong>A los gritos<\/strong><\/p>\n<p data-start=\"1245\" data-end=\"1518\">La mujer cont\u00f3 que consigui\u00f3 defenderse sujet\u00e1ndolo fuertemente de los genitales y mordi\u00e9ndolo en una mano. Esa reacci\u00f3n habr\u00eda provocado que el atacante finalmente la soltara. Cuando comenz\u00f3 a pedir auxilio a los gritos, el hombre escap\u00f3 corriendo hacia una zona de monte.<\/p>\n<p data-start=\"1520\" data-end=\"1827\">La v\u00edctima permaneci\u00f3 tendida junto a la banquina y logr\u00f3 arrastrarse hasta su motocicleta, que hab\u00eda quedado sobre la calzada. Al observar veh\u00edculos acerc\u00e1ndose, utiliz\u00f3 la luz de su tel\u00e9fono celular para hacer se\u00f1as y pedir ayuda. Poco despu\u00e9s fue auxiliada por personal policial y trasladada al hospital.<\/p>\n<p data-start=\"1520\" data-end=\"1827\"><strong>Golpes<\/strong><\/p>\n<p data-start=\"1829\" data-end=\"2090\">La denunciante sostuvo adem\u00e1s que presenta golpes y lesiones en distintas partes del cuerpo y mostr\u00f3 su preocupaci\u00f3n por la atenci\u00f3n m\u00e9dica inicial recibida, al se\u00f1alar que, seg\u00fan su versi\u00f3n, teme que algunas de esas lesiones no habr\u00edan quedado asentadas en el informe realizado en el Hospital.<\/p>\n<p data-start=\"2092\" data-end=\"2434\">Posteriormente, manifest\u00f3 su preocupaci\u00f3n por lograr un r\u00e1pida esclarecimiento del caso, ya que <strong>considera que las lesiones que el hombre podr\u00eda presentar producto del forcejeo pueden constituir elementos relevantes para la investigaci\u00f3n,<\/strong> aunque dijo desconocer la identidad del atacante.<\/p>\n<p data-start=\"2436\" data-end=\"2707\" data-is-last-node=\"\" data-is-only-node=\"\">El episodio fue denunciado y <strong data-start=\"2465\" data-end=\"2525\">el relato corresponde a la versi\u00f3n brindada por la mujer<\/strong>, de nombre K., mientras se aguardan las actuaciones de las autoridades competentes y el avance de la investigaci\u00f3n para determinar las circunstancias del hecho y las eventuales responsabilidades.<\/p>\n<p data-start=\"2436\" data-end=\"2707\" data-is-last-node=\"\" data-is-only-node=\"\">Al mismo tiempo, es creciente la preocupaci\u00f3n por la inseguridad en la zona sur.<\/p>\n","protected":false},"excerpt":{"rendered":"<p>Una mujer denunci\u00f3 que fue atacada con un cuchillo y logr\u00f3 escapar de un intento de abuso sexual. Una mujer de Vera denunci\u00f3 haber sido v\u00edctima de un violento ataque durante la madrugada del domingo, cuando se encontraba en inmediaciones de la intersecci\u00f3n de las rutas nacionales 11 y 98 esperando la llegada de su [&hellip;]<\/p>\n","protected":false},"author":3,"featured_media":74738,"comment_status":"open","ping_status":"open","sticky":false,"template":"","format":"standard","meta":{"_joinchat":[],"footnotes":""},"categories":[56],"tags":[],"class_list":["post-74737","post","type-post","status-publish","format-standard","has-post-thumbnail","category-destacados"],"_links":{"self":[{"href":"https:\/\/infovera.com.ar\/web\/wp-json\/wp\/v2\/posts\/74737","targetHints":{"allow":["GET"]}}],"collection":[{"href":"https:\/\/infovera.com.ar\/web\/wp-json\/wp\/v2\/posts"}],"about":[{"href":"https:\/\/infovera.com.ar\/web\/wp-json\/wp\/v2\/types\/post"}],"author":[{"embeddable":true,"href":"https:\/\/infovera.com.ar\/web\/wp-json\/wp\/v2\/users\/3"}],"replies":[{"embeddable":true,"href":"https:\/\/infovera.com.ar\/web\/wp-json\/wp\/v2\/comments?post=74737"}],"version-history":[{"count":4,"href":"https:\/\/infovera.com.ar\/web\/wp-json\/wp\/v2\/posts\/74737\/revisions"}],"predecessor-version":[{"id":74742,"href":"https:\/\/infovera.com.ar\/web\/wp-json\/wp\/v2\/posts\/74737\/revisions\/74742"}],"wp:featuredmedia":[{"embeddable":true,"href":"https:\/\/infovera.com.ar\/web\/wp-json\/wp\/v2\/media\/74738"}],"wp:attachment":[{"href":"https:\/\/infovera.com.ar\/web\/wp-json\/wp\/v2\/media?parent=74737"}],"wp:term":[{"taxonomy":"category","embeddable":true,"href":"https:\/\/infovera.com.ar\/web\/wp-json\/wp\/v2\/categories?post=74737"},{"taxonomy":"post_tag","embeddable":true,"href":"https:\/\/infovera.com.ar\/web\/wp-json\/wp\/v2\/tags?post=74737"}],"curies":[{"name":"wp","href":"https:\/\/api.w.org\/{rel}","templated":true}]}}