{"id":74731,"date":"2026-09-02T18:45:03","date_gmt":"2026-09-02T21:45:03","guid":{"rendered":"https:\/\/infovera.com.ar\/web\/?p=74731"},"modified":"2026-09-02T19:45:58","modified_gmt":"2026-09-02T22:45:58","slug":"derivaron-a-reconquista-a-un-ciclista-de-60-anos-que-choco-con-un-auto","status":"publish","type":"post","link":"https:\/\/infovera.com.ar\/web\/2026\/09\/02\/derivaron-a-reconquista-a-un-ciclista-de-60-anos-que-choco-con-un-auto\/","title":{"rendered":"Derivaron a Reconquista a un ciclista de 60 a\u00f1os que choc\u00f3 con un auto"},"content":{"rendered":"<p><strong>En la fecha, siendo las 09:30 horas, personal policial tom\u00f3 intervenci\u00f3n en un accidente de tr\u00e1nsito ocurrido en la intersecci\u00f3n de calles Rosario y Corrientes, en Vera, donde, por causas que se tratan de establecer, colisionaron un autom\u00f3vil Chevrolet, color azul oscuro, y una bicicleta.<\/strong><\/p>\n<p>Como consecuencia del impacto, un hombre de 60 a\u00f1os, identificado como Luis Mugica, que se desplazaba en bicicleta, sufri\u00f3 lesiones visibles siendo trasladado por el servicio SIES 107 al nosocomio local.<\/p>\n<p>Posteriormente, fue derivado al Hospital de Reconquista fins de estudios complementarios .<br \/>\nEl conductor del autom\u00f3vil, Carlos Baz\u00e1n, de 77 a\u00f1os, manifest\u00f3 no presentar lesiones, siendo igualmente trasladado al nosocomio local para su atenci\u00f3n. Interviene MPA.<\/p>\n<p>Video: Jorge del Barco<\/p>\n<div style=\"width: 392px;\" class=\"wp-video\"><video class=\"wp-video-shortcode\" id=\"video-74731-1\" width=\"392\" height=\"850\" preload=\"metadata\" controls=\"controls\"><source type=\"video\/mp4\" src=\"https:\/\/infovera.com.ar\/web\/wp-content\/uploads\/2026\/09\/WhatsApp-Video-2026-09-02-at-6.42.21-PM.mp4?_=1\" \/><a href=\"https:\/\/infovera.com.ar\/web\/wp-content\/uploads\/2026\/09\/WhatsApp-Video-2026-09-02-at-6.42.21-PM.mp4\">https:\/\/infovera.com.ar\/web\/wp-content\/uploads\/2026\/09\/WhatsApp-Video-2026-09-02-at-6.42.21-PM.mp4<\/a><\/video><\/div>\n","protected":false},"excerpt":{"rendered":"<p>En la fecha, siendo las 09:30 horas, personal policial tom\u00f3 intervenci\u00f3n en un accidente de tr\u00e1nsito ocurrido en la intersecci\u00f3n de calles Rosario y Corrientes, en Vera, donde, por causas que se tratan de establecer, colisionaron un autom\u00f3vil Chevrolet, color azul oscuro, y una bicicleta. Como consecuencia del impacto, un hombre de 60 a\u00f1os, identificado [&hellip;]<\/p>\n","protected":false},"author":3,"featured_media":74733,"comment_status":"open","ping_status":"open","sticky":false,"template":"","format":"standard","meta":{"_joinchat":[],"footnotes":""},"categories":[56],"tags":[],"class_list":["post-74731","post","type-post","status-publish","format-standard","has-post-thumbnail","category-destacados"],"_links":{"self":[{"href":"https:\/\/infovera.com.ar\/web\/wp-json\/wp\/v2\/posts\/74731","targetHints":{"allow":["GET"]}}],"collection":[{"href":"https:\/\/infovera.com.ar\/web\/wp-json\/wp\/v2\/posts"}],"about":[{"href":"https:\/\/infovera.com.ar\/web\/wp-json\/wp\/v2\/types\/post"}],"author":[{"embeddable":true,"href":"https:\/\/infovera.com.ar\/web\/wp-json\/wp\/v2\/users\/3"}],"replies":[{"embeddable":true,"href":"https:\/\/infovera.com.ar\/web\/wp-json\/wp\/v2\/comments?post=74731"}],"version-history":[{"count":4,"href":"https:\/\/infovera.com.ar\/web\/wp-json\/wp\/v2\/posts\/74731\/revisions"}],"predecessor-version":[{"id":74743,"href":"https:\/\/infovera.com.ar\/web\/wp-json\/wp\/v2\/posts\/74731\/revisions\/74743"}],"wp:featuredmedia":[{"embeddable":true,"href":"https:\/\/infovera.com.ar\/web\/wp-json\/wp\/v2\/media\/74733"}],"wp:attachment":[{"href":"https:\/\/infovera.com.ar\/web\/wp-json\/wp\/v2\/media?parent=74731"}],"wp:term":[{"taxonomy":"category","embeddable":true,"href":"https:\/\/infovera.com.ar\/web\/wp-json\/wp\/v2\/categories?post=74731"},{"taxonomy":"post_tag","embeddable":true,"href":"https:\/\/infovera.com.ar\/web\/wp-json\/wp\/v2\/tags?post=74731"}],"curies":[{"name":"wp","href":"https:\/\/api.w.org\/{rel}","templated":true}]}}