{"id":74728,"date":"2026-09-02T12:56:30","date_gmt":"2026-09-02T15:56:30","guid":{"rendered":"https:\/\/infovera.com.ar\/web\/?p=74728"},"modified":"2026-09-02T12:56:30","modified_gmt":"2026-09-02T15:56:30","slug":"13-anos-de-la-creacion-del-servicio-de-emergencia-municipal-de-calchaqui","status":"publish","type":"post","link":"https:\/\/infovera.com.ar\/web\/2026\/09\/02\/13-anos-de-la-creacion-del-servicio-de-emergencia-municipal-de-calchaqui\/","title":{"rendered":"13 a\u00f1os de la creaci\u00f3n del Servicio de Emergencia Municipal de Calchaqu\u00ed"},"content":{"rendered":"<p><strong>Se celebr\u00f3 el 13\u00b0 aniversario del SEM.<\/strong><\/p>\n<p>El acto, realizado frente a la sede municipal, fue encabezado por el intendente Rub\u00e9n Cuello, junto a autoridades municipales, representantes del Hospital, integrantes del Concejo Municipal, instituciones y miembros de la comunidad.<\/p>\n<p>Actualmente, el SEM cuenta con tres ambulancias equipadas, personal capacitado y realiza alrededor de 1.800 intervenciones anuales, tanto en la zona urbana como rural, adem\u00e1s de brindar traslado de pacientes para realizar curaciones, y cobertura en diferentes eventos educativos, sociales y deportivos.<\/p>\n<p>Para el pr\u00f3ximo a\u00f1o, la gesti\u00f3n municipal proyecta incorporar una nueva unidad 0 km y continuar fortaleciendo los recursos necesarios para garantizar una asistencia permanente.<\/p>\n<p>Las autoridades expresaron el &#8220;reconocimiento y agradecimiento a todo el equipo del SEM por su compromiso, vocaci\u00f3n y permanente predisposici\u00f3n. 13 a\u00f1os cuidando a nuestra comunidad&#8221;.<\/p>\n<p>&nbsp;<\/p>\n","protected":false},"excerpt":{"rendered":"<p>Se celebr\u00f3 el 13\u00b0 aniversario del SEM. El acto, realizado frente a la sede municipal, fue encabezado por el intendente Rub\u00e9n Cuello, junto a autoridades municipales, representantes del Hospital, integrantes del Concejo Municipal, instituciones y miembros de la comunidad. Actualmente, el SEM cuenta con tres ambulancias equipadas, personal capacitado y realiza alrededor de 1.800 intervenciones [&hellip;]<\/p>\n","protected":false},"author":3,"featured_media":74729,"comment_status":"open","ping_status":"open","sticky":false,"template":"","format":"standard","meta":{"_joinchat":[],"footnotes":""},"categories":[52,37],"tags":[],"class_list":["post-74728","post","type-post","status-publish","format-standard","has-post-thumbnail","category-calchaqui","category-salud"],"_links":{"self":[{"href":"https:\/\/infovera.com.ar\/web\/wp-json\/wp\/v2\/posts\/74728","targetHints":{"allow":["GET"]}}],"collection":[{"href":"https:\/\/infovera.com.ar\/web\/wp-json\/wp\/v2\/posts"}],"about":[{"href":"https:\/\/infovera.com.ar\/web\/wp-json\/wp\/v2\/types\/post"}],"author":[{"embeddable":true,"href":"https:\/\/infovera.com.ar\/web\/wp-json\/wp\/v2\/users\/3"}],"replies":[{"embeddable":true,"href":"https:\/\/infovera.com.ar\/web\/wp-json\/wp\/v2\/comments?post=74728"}],"version-history":[{"count":1,"href":"https:\/\/infovera.com.ar\/web\/wp-json\/wp\/v2\/posts\/74728\/revisions"}],"predecessor-version":[{"id":74730,"href":"https:\/\/infovera.com.ar\/web\/wp-json\/wp\/v2\/posts\/74728\/revisions\/74730"}],"wp:featuredmedia":[{"embeddable":true,"href":"https:\/\/infovera.com.ar\/web\/wp-json\/wp\/v2\/media\/74729"}],"wp:attachment":[{"href":"https:\/\/infovera.com.ar\/web\/wp-json\/wp\/v2\/media?parent=74728"}],"wp:term":[{"taxonomy":"category","embeddable":true,"href":"https:\/\/infovera.com.ar\/web\/wp-json\/wp\/v2\/categories?post=74728"},{"taxonomy":"post_tag","embeddable":true,"href":"https:\/\/infovera.com.ar\/web\/wp-json\/wp\/v2\/tags?post=74728"}],"curies":[{"name":"wp","href":"https:\/\/api.w.org\/{rel}","templated":true}]}}