{"id":74725,"date":"2026-09-02T10:22:01","date_gmt":"2026-09-02T13:22:01","guid":{"rendered":"https:\/\/infovera.com.ar\/web\/?p=74725"},"modified":"2026-09-02T10:22:01","modified_gmt":"2026-09-02T13:22:01","slug":"la-gallareta-se-recupera-tras-el-temporal-y-retoma-obras-de-alumbrado-y-cordon-cuneta","status":"publish","type":"post","link":"https:\/\/infovera.com.ar\/web\/2026\/09\/02\/la-gallareta-se-recupera-tras-el-temporal-y-retoma-obras-de-alumbrado-y-cordon-cuneta\/","title":{"rendered":"La Gallareta se recupera tras el temporal y retoma obras de alumbrado y cord\u00f3n cuneta"},"content":{"rendered":"<p><strong>El presidente comunal Fernando Nicola destac\u00f3 el trabajo que se viene realizando luego de los importantes da\u00f1os ocasionados por la tormenta y asegur\u00f3 que la localidad continuar\u00e1 con las obras previstas.<\/strong><\/p>\n<p>Luego del fuerte temporal que provoc\u00f3 importantes da\u00f1os en La Gallareta, la comuna contin\u00faa trabajando en la recuperaci\u00f3n de la localidad y retom\u00f3 diferentes obras que hab\u00edan sido proyectadas.<\/p>\n<p>El presidente comunal, Fernando Nicola, destac\u00f3 la respuesta de la comunidad frente a las consecuencias de la tormenta y asegur\u00f3 que, pese a las dificultades, la decisi\u00f3n es continuar avanzando.<\/p>\n<p>\u201cCuando los golpes son fuertes, las ganas de seguir adelante son todav\u00eda m\u00e1s grandes\u201d, expres\u00f3 Nicola, quien remarc\u00f3 que La Gallareta demostr\u00f3 nuevamente su capacidad para sobreponerse a situaciones adversas.<\/p>\n<p>En ese contexto, inform\u00f3 que se contin\u00faa trabajando en nuevas obras de alumbrado p\u00fablico, con el objetivo de mejorar las condiciones de distintos sectores de la localidad.<\/p>\n<p>Tambi\u00e9n fueron retomados los trabajos de cord\u00f3n cuneta, otra de las intervenciones que lleva adelante la administraci\u00f3n comunal.<\/p>\n<p>Nicola reconoci\u00f3 que todav\u00eda queda mucho por hacer despu\u00e9s de los da\u00f1os ocasionados por el fen\u00f3meno meteorol\u00f3gico, pero ratific\u00f3 que continuar\u00e1n las tareas de reconstrucci\u00f3n y las obras previstas.<\/p>\n<p>\u201cRendirnos nunca fue una opci\u00f3n. Vamos a seguir trabajando, reconstruyendo y avanzando para que La Gallareta siga creciendo\u201d, sostuvo.<\/p>\n<p>Finalmente, el presidente comunal agradeci\u00f3 el acompa\u00f1amiento de los vecinos durante los \u00faltimos d\u00edas y sintetiz\u00f3 el mensaje con una frase: \u201cLa Gallareta sigue de pie\u201d.<\/p>\n","protected":false},"excerpt":{"rendered":"<p>El presidente comunal Fernando Nicola destac\u00f3 el trabajo que se viene realizando luego de los importantes da\u00f1os ocasionados por la tormenta y asegur\u00f3 que la localidad continuar\u00e1 con las obras previstas. Luego del fuerte temporal que provoc\u00f3 importantes da\u00f1os en La Gallareta, la comuna contin\u00faa trabajando en la recuperaci\u00f3n de la localidad y retom\u00f3 diferentes [&hellip;]<\/p>\n","protected":false},"author":3,"featured_media":74726,"comment_status":"open","ping_status":"open","sticky":false,"template":"","format":"standard","meta":{"_joinchat":[],"footnotes":""},"categories":[51,29],"tags":[],"class_list":["post-74725","post","type-post","status-publish","format-standard","has-post-thumbnail","category-locales","category-obras"],"_links":{"self":[{"href":"https:\/\/infovera.com.ar\/web\/wp-json\/wp\/v2\/posts\/74725","targetHints":{"allow":["GET"]}}],"collection":[{"href":"https:\/\/infovera.com.ar\/web\/wp-json\/wp\/v2\/posts"}],"about":[{"href":"https:\/\/infovera.com.ar\/web\/wp-json\/wp\/v2\/types\/post"}],"author":[{"embeddable":true,"href":"https:\/\/infovera.com.ar\/web\/wp-json\/wp\/v2\/users\/3"}],"replies":[{"embeddable":true,"href":"https:\/\/infovera.com.ar\/web\/wp-json\/wp\/v2\/comments?post=74725"}],"version-history":[{"count":1,"href":"https:\/\/infovera.com.ar\/web\/wp-json\/wp\/v2\/posts\/74725\/revisions"}],"predecessor-version":[{"id":74727,"href":"https:\/\/infovera.com.ar\/web\/wp-json\/wp\/v2\/posts\/74725\/revisions\/74727"}],"wp:featuredmedia":[{"embeddable":true,"href":"https:\/\/infovera.com.ar\/web\/wp-json\/wp\/v2\/media\/74726"}],"wp:attachment":[{"href":"https:\/\/infovera.com.ar\/web\/wp-json\/wp\/v2\/media?parent=74725"}],"wp:term":[{"taxonomy":"category","embeddable":true,"href":"https:\/\/infovera.com.ar\/web\/wp-json\/wp\/v2\/categories?post=74725"},{"taxonomy":"post_tag","embeddable":true,"href":"https:\/\/infovera.com.ar\/web\/wp-json\/wp\/v2\/tags?post=74725"}],"curies":[{"name":"wp","href":"https:\/\/api.w.org\/{rel}","templated":true}]}}