{"id":74717,"date":"2026-09-02T09:51:34","date_gmt":"2026-09-02T12:51:34","guid":{"rendered":"https:\/\/infovera.com.ar\/web\/?p=74717"},"modified":"2026-09-02T09:51:34","modified_gmt":"2026-09-02T12:51:34","slug":"detuvieron-en-reconquista-a-una-mujer-en-una-causa-federal-por-drogas","status":"publish","type":"post","link":"https:\/\/infovera.com.ar\/web\/2026\/09\/02\/detuvieron-en-reconquista-a-una-mujer-en-una-causa-federal-por-drogas\/","title":{"rendered":"Detuvieron en Reconquista a una mujer en una causa federal por drogas"},"content":{"rendered":"<p><strong>La medida fue ordenada con car\u00e1cter urgente por el Juzgado Federal de Reconquista. La detenida qued\u00f3 alojada a disposici\u00f3n de la Justicia y ser\u00e1 indagada este mi\u00e9rcoles.<\/strong><\/p>\n<p>Una mujer fue detenida en la ciudad de Reconquista por orden de la Justicia Federal, en el marco de una investigaci\u00f3n por presunta infracci\u00f3n a la Ley Nacional 23.737 de Estupefacientes.<\/p>\n<p>La medida fue dispuesta por el Juzgado Federal de Reconquista dentro de la causa caratulada \u201cVisconte Mateo Ezequiel s\/Infracci\u00f3n Ley 23.737\u201d, expediente FRE 3478\/24.<\/p>\n<p>Tras recibirse el oficio judicial de car\u00e1cter urgente y una comunicaci\u00f3n del secretario del Juzgado Federal, Ariel Digiuria Kaltenegger, se orden\u00f3 la inmediata detenci\u00f3n de Noelia Estefan\u00eda Mart\u00ednez.<\/p>\n<p>El procedimiento estuvo a cargo de efectivos de la Secci\u00f3n Seguridad Vial \u201cAvellaneda\u201d, quienes se dirigieron hasta un domicilio ubicado en barrio Obligado de Reconquista, donde lograron concretar la detenci\u00f3n.<\/p>\n<p>Posteriormente, Mart\u00ednez fue trasladada hasta la dependencia de la fuerza, donde qued\u00f3 alojada a disposici\u00f3n del magistrado interviniente.<\/p>\n<p>De acuerdo con la informaci\u00f3n oficial, la mujer deber\u00e1 prestar declaraci\u00f3n indagatoria este mi\u00e9rcoles 2 de septiembre, a las 9:00 horas, ante la Justicia Federal.<\/p>\n","protected":false},"excerpt":{"rendered":"<p>La medida fue ordenada con car\u00e1cter urgente por el Juzgado Federal de Reconquista. La detenida qued\u00f3 alojada a disposici\u00f3n de la Justicia y ser\u00e1 indagada este mi\u00e9rcoles. Una mujer fue detenida en la ciudad de Reconquista por orden de la Justicia Federal, en el marco de una investigaci\u00f3n por presunta infracci\u00f3n a la Ley Nacional [&hellip;]<\/p>\n","protected":false},"author":3,"featured_media":74714,"comment_status":"open","ping_status":"open","sticky":false,"template":"","format":"standard","meta":{"_joinchat":[],"footnotes":""},"categories":[30,61],"tags":[],"class_list":["post-74717","post","type-post","status-publish","format-standard","has-post-thumbnail","category-policiales","category-regionales"],"_links":{"self":[{"href":"https:\/\/infovera.com.ar\/web\/wp-json\/wp\/v2\/posts\/74717","targetHints":{"allow":["GET"]}}],"collection":[{"href":"https:\/\/infovera.com.ar\/web\/wp-json\/wp\/v2\/posts"}],"about":[{"href":"https:\/\/infovera.com.ar\/web\/wp-json\/wp\/v2\/types\/post"}],"author":[{"embeddable":true,"href":"https:\/\/infovera.com.ar\/web\/wp-json\/wp\/v2\/users\/3"}],"replies":[{"embeddable":true,"href":"https:\/\/infovera.com.ar\/web\/wp-json\/wp\/v2\/comments?post=74717"}],"version-history":[{"count":1,"href":"https:\/\/infovera.com.ar\/web\/wp-json\/wp\/v2\/posts\/74717\/revisions"}],"predecessor-version":[{"id":74718,"href":"https:\/\/infovera.com.ar\/web\/wp-json\/wp\/v2\/posts\/74717\/revisions\/74718"}],"wp:featuredmedia":[{"embeddable":true,"href":"https:\/\/infovera.com.ar\/web\/wp-json\/wp\/v2\/media\/74714"}],"wp:attachment":[{"href":"https:\/\/infovera.com.ar\/web\/wp-json\/wp\/v2\/media?parent=74717"}],"wp:term":[{"taxonomy":"category","embeddable":true,"href":"https:\/\/infovera.com.ar\/web\/wp-json\/wp\/v2\/categories?post=74717"},{"taxonomy":"post_tag","embeddable":true,"href":"https:\/\/infovera.com.ar\/web\/wp-json\/wp\/v2\/tags?post=74717"}],"curies":[{"name":"wp","href":"https:\/\/api.w.org\/{rel}","templated":true}]}}