{"id":74713,"date":"2026-09-02T09:48:07","date_gmt":"2026-09-02T12:48:07","guid":{"rendered":"https:\/\/infovera.com.ar\/web\/?p=74713"},"modified":"2026-09-02T09:48:07","modified_gmt":"2026-09-02T12:48:07","slug":"reconquista-alerta-en-la-escuela-joffre-n1305-por-una-amenaza-escrita-en-el-bano","status":"publish","type":"post","link":"https:\/\/infovera.com.ar\/web\/2026\/09\/02\/reconquista-alerta-en-la-escuela-joffre-n1305-por-una-amenaza-escrita-en-el-bano\/","title":{"rendered":"Reconquista: alerta en la Escuela Joffre N\u00b01305 por una amenaza escrita en el ba\u00f1o"},"content":{"rendered":"<p><strong>Personal policial fue comisionado v\u00eda Central 911 a la Escuela Mar\u00eda G. Joffre N.\u00ba 1305, por un presunto hecho de amenazas.<\/strong><\/p>\n<p>Arribados al lugar, se entrevist\u00f3 a la Directora del establecimiento, Beatriz Ojeda, quien manifest\u00f3 que siendo aproximadamente las 09:20 horas tom\u00f3 conocimiento por parte de una docente de 5\u00ba a\u00f1o que una alumna de 7\u00ba a\u00f1o le inform\u00f3 que en el ba\u00f1o de mujeres, sobre la primera puerta, se encontraba escrita la leyenda:\u201cTIROTEO, MA\u00d1ANA NO VENGO\u201d<\/p>\n<p>Seguidamente se dio conocimiento a personal de Polic\u00eda Cient\u00edfica, quienes se hicieron presentes y realizaron tareas inherentes a su funci\u00f3n. Asimismo, se dio conocimiento a personal de la PDI.Se prosiguen diligencias. Interviene RPI Subinspector Alarc\u00f3n Joana.<\/p>\n","protected":false},"excerpt":{"rendered":"<p>Personal policial fue comisionado v\u00eda Central 911 a la Escuela Mar\u00eda G. Joffre N.\u00ba 1305, por un presunto hecho de amenazas. Arribados al lugar, se entrevist\u00f3 a la Directora del establecimiento, Beatriz Ojeda, quien manifest\u00f3 que siendo aproximadamente las 09:20 horas tom\u00f3 conocimiento por parte de una docente de 5\u00ba a\u00f1o que una alumna de [&hellip;]<\/p>\n","protected":false},"author":3,"featured_media":74715,"comment_status":"open","ping_status":"open","sticky":false,"template":"","format":"standard","meta":{"_joinchat":[],"footnotes":""},"categories":[30,61],"tags":[],"class_list":["post-74713","post","type-post","status-publish","format-standard","has-post-thumbnail","category-policiales","category-regionales"],"_links":{"self":[{"href":"https:\/\/infovera.com.ar\/web\/wp-json\/wp\/v2\/posts\/74713","targetHints":{"allow":["GET"]}}],"collection":[{"href":"https:\/\/infovera.com.ar\/web\/wp-json\/wp\/v2\/posts"}],"about":[{"href":"https:\/\/infovera.com.ar\/web\/wp-json\/wp\/v2\/types\/post"}],"author":[{"embeddable":true,"href":"https:\/\/infovera.com.ar\/web\/wp-json\/wp\/v2\/users\/3"}],"replies":[{"embeddable":true,"href":"https:\/\/infovera.com.ar\/web\/wp-json\/wp\/v2\/comments?post=74713"}],"version-history":[{"count":1,"href":"https:\/\/infovera.com.ar\/web\/wp-json\/wp\/v2\/posts\/74713\/revisions"}],"predecessor-version":[{"id":74716,"href":"https:\/\/infovera.com.ar\/web\/wp-json\/wp\/v2\/posts\/74713\/revisions\/74716"}],"wp:featuredmedia":[{"embeddable":true,"href":"https:\/\/infovera.com.ar\/web\/wp-json\/wp\/v2\/media\/74715"}],"wp:attachment":[{"href":"https:\/\/infovera.com.ar\/web\/wp-json\/wp\/v2\/media?parent=74713"}],"wp:term":[{"taxonomy":"category","embeddable":true,"href":"https:\/\/infovera.com.ar\/web\/wp-json\/wp\/v2\/categories?post=74713"},{"taxonomy":"post_tag","embeddable":true,"href":"https:\/\/infovera.com.ar\/web\/wp-json\/wp\/v2\/tags?post=74713"}],"curies":[{"name":"wp","href":"https:\/\/api.w.org\/{rel}","templated":true}]}}