{"id":74703,"date":"2026-09-01T10:00:58","date_gmt":"2026-09-01T13:00:58","guid":{"rendered":"https:\/\/infovera.com.ar\/web\/?p=74703"},"modified":"2026-09-01T11:50:21","modified_gmt":"2026-09-01T14:50:21","slug":"el-departamento-vera-recibira-mas-de-1-202-millones-del-fondo-de-financiamiento-educativo","status":"publish","type":"post","link":"https:\/\/infovera.com.ar\/web\/2026\/09\/01\/el-departamento-vera-recibira-mas-de-1-202-millones-del-fondo-de-financiamiento-educativo\/","title":{"rendered":"El Departamento Vera recibir\u00e1 m\u00e1s de $1.202 millones del Fondo de Financiamiento Educativo"},"content":{"rendered":"<p><strong>Juliana Caillat inform\u00f3 que las localidades del departamento Vera recibir\u00e1n un total de $1.202.398.138,72 en concepto del Fondo de Financiamiento Educativo, de acuerdo con la distribuci\u00f3n establecida para el a\u00f1o 2026 por el Gobierno de la Provincia de Santa Fe.<\/strong><\/p>\n<p>Los recursos ser\u00e1n destinados a las distintas localidades del departamento y representan una herramienta fundamental para acompa\u00f1ar las necesidades de las comunidades educativas, permitiendo atender cuestiones vinculadas con infraestructura, mantenimiento y equipamiento para las escuelas.<\/p>\n<p>\u201cEsta inversi\u00f3n demuestra el compromiso concreto del Gobierno provincial con la educaci\u00f3n y con cada una de las comunidades del Departamento Vera. Es fundamental que estos recursos se traduzcan en soluciones concretas y que lleguen a cada localidad para acompa\u00f1ar las necesidades de nuestros alumnos, docentes y escuelas\u201d, destac\u00f3 la funcionaria Provincial.<\/p>\n<p>De acuerdo con la distribuci\u00f3n oficial, los montos asignados a cada localidad son:<\/p>\n<p>\u2022 Vera: $251.693.725,22<br \/>\n\u2022 Calchaqu\u00ed: $203.320.369,43<br \/>\n\u2022 Fort\u00edn Olmos: $116.076.990,51<br \/>\n\u2022 La Gallareta: $95.078.132,88<br \/>\n\u2022 Margarita: $156.560.338,84<br \/>\n\u2022 Toba: $40.760.572,65<br \/>\n\u2022 Ca\u00f1ada Omb\u00fa: $40.469.391,02<br \/>\n\u2022 Garabato: $69.442.743,04<br \/>\n\u2022 Golondrina: $26.751.692,22<br \/>\n\u2022 Intiyaco: $56.633.561,62<br \/>\n\u2022 Los Amores: $49.585.428,99<br \/>\n\u2022 Tartagal: $68.021.301,73<br \/>\n\u2022 Los Tabanos: $28.003.890,57<\/p>\n<p>En total, el Departamento Vera recibir\u00e1 $1.202.398.138,72, distribuidos entre las 13 localidades que integran el departamento.<\/p>\n<p>La asignaci\u00f3n forma parte de la distribuci\u00f3n provincial del Fondo de Financiamiento Educativo correspondiente al a\u00f1o 2026, establecido mediante el Decreto 2026-00001476-APPSF-PE.<\/p>\n<p>Desde el Departamento Vera, Caillat destac\u00f3 la importancia de continuar fortaleciendo la inversi\u00f3n en educaci\u00f3n y de acompa\u00f1ar a cada comunidad en la mejora de las condiciones en las que alumnos y docentes desarrollan sus actividades.<\/p>\n","protected":false},"excerpt":{"rendered":"<p>Juliana Caillat inform\u00f3 que las localidades del departamento Vera recibir\u00e1n un total de $1.202.398.138,72 en concepto del Fondo de Financiamiento Educativo, de acuerdo con la distribuci\u00f3n establecida para el a\u00f1o 2026 por el Gobierno de la Provincia de Santa Fe. Los recursos ser\u00e1n destinados a las distintas localidades del departamento y representan una herramienta fundamental [&hellip;]<\/p>\n","protected":false},"author":3,"featured_media":74704,"comment_status":"open","ping_status":"open","sticky":false,"template":"","format":"standard","meta":{"_joinchat":[],"footnotes":""},"categories":[56],"tags":[],"class_list":["post-74703","post","type-post","status-publish","format-standard","has-post-thumbnail","category-destacados"],"_links":{"self":[{"href":"https:\/\/infovera.com.ar\/web\/wp-json\/wp\/v2\/posts\/74703","targetHints":{"allow":["GET"]}}],"collection":[{"href":"https:\/\/infovera.com.ar\/web\/wp-json\/wp\/v2\/posts"}],"about":[{"href":"https:\/\/infovera.com.ar\/web\/wp-json\/wp\/v2\/types\/post"}],"author":[{"embeddable":true,"href":"https:\/\/infovera.com.ar\/web\/wp-json\/wp\/v2\/users\/3"}],"replies":[{"embeddable":true,"href":"https:\/\/infovera.com.ar\/web\/wp-json\/wp\/v2\/comments?post=74703"}],"version-history":[{"count":1,"href":"https:\/\/infovera.com.ar\/web\/wp-json\/wp\/v2\/posts\/74703\/revisions"}],"predecessor-version":[{"id":74705,"href":"https:\/\/infovera.com.ar\/web\/wp-json\/wp\/v2\/posts\/74703\/revisions\/74705"}],"wp:featuredmedia":[{"embeddable":true,"href":"https:\/\/infovera.com.ar\/web\/wp-json\/wp\/v2\/media\/74704"}],"wp:attachment":[{"href":"https:\/\/infovera.com.ar\/web\/wp-json\/wp\/v2\/media?parent=74703"}],"wp:term":[{"taxonomy":"category","embeddable":true,"href":"https:\/\/infovera.com.ar\/web\/wp-json\/wp\/v2\/categories?post=74703"},{"taxonomy":"post_tag","embeddable":true,"href":"https:\/\/infovera.com.ar\/web\/wp-json\/wp\/v2\/tags?post=74703"}],"curies":[{"name":"wp","href":"https:\/\/api.w.org\/{rel}","templated":true}]}}