{"id":74696,"date":"2026-09-01T11:14:21","date_gmt":"2026-09-01T14:14:21","guid":{"rendered":"https:\/\/infovera.com.ar\/web\/?p=74696"},"modified":"2026-09-01T11:18:23","modified_gmt":"2026-09-01T14:18:23","slug":"calchaqui-indignacion-por-la-cruel-muerte-de-marcelo-un-perro-callejero-muy-querido-en-el-barrio","status":"publish","type":"post","link":"https:\/\/infovera.com.ar\/web\/2026\/09\/01\/calchaqui-indignacion-por-la-cruel-muerte-de-marcelo-un-perro-callejero-muy-querido-en-el-barrio\/","title":{"rendered":"Calchaqu\u00ed: indignaci\u00f3n por la cruel muerte de \u201cMarcelo\u201d, un perro callejero muy querido en el barrio"},"content":{"rendered":"<p><strong>Vecinos denunciaron que el animal habr\u00eda sido atropellado intencionalmente durante la noche del s\u00e1bado. Aseguran que realizaron la denuncia correspondiente y reclaman que el hecho sea investigado y no quede impune.<\/strong><\/p>\n<p>Un episodio ocurrido durante la noche del s\u00e1bado provoc\u00f3 indignaci\u00f3n entre vecinos de Calchaqu\u00ed, luego de la muerte de \u201cMarcelo\u201d, un perro callejero conocido y querido por habitantes de un barrio de la ciudad.<\/p>\n<p>Seg\u00fan el relato acercado a <strong>InfoVera<\/strong>, el animal habr\u00eda sido atropellado por un veh\u00edculo y los denunciantes sostienen que el conductor habr\u00eda tenido la posibilidad de esquivarlo, pero no lo hizo. El episodio qued\u00f3 registrado en un video que los vecinos pretenden aportar para visibilizar lo sucedido.<\/p>\n<p>Tras conocerse el caso comenzaron a circular adem\u00e1s diferentes testimonios de personas que aseguran conocer al presunto responsable y que mencionan otros supuestos episodios de violencia contra animales. En las capturas difundidas se habla de perros que habr\u00edan sido atacados con balines y de otros hechos similares.<\/p>\n<p>Estas \u00faltimas afirmaciones corresponden a testimonios de vecinos y deber\u00e1n ser corroboradas por las autoridades, por lo que no permiten atribuir responsabilidad penal a una persona determinada.<\/p>\n<p>Los vecinos confirmaron que por la muerte de Marcelo se realiz\u00f3 la denuncia correspondiente y reclaman que se investiguen las circunstancias en las que ocurri\u00f3.<\/p>\n<p><strong>\u201cMarcelo era un perro de la calle, muy querido por todos los del barrio\u201d, se\u00f1alaron al comunicarse con este medio.<\/strong><\/p>\n<p>El caso gener\u00f3 un fuerte pedido para que lo sucedido se esclarezca y no quede impune, al tiempo que vecinos y proteccionistas reclaman justicia por un animal que, aunque viv\u00eda en la calle, era considerado parte del barrio.<\/p>\n<p>&#8220;El perrito siempre estaba en el comercio de Tito Ram\u00edrez, el lo hab\u00eda adoptado porque era de la calle, entonces siempre estaba ah\u00ed&#8221;, coment\u00f3 un vecina, que pidi\u00f3 que &#8220;esto no quede en la nada, que haya justicia por los que no tiene voz&#8221;.<\/p>\n","protected":false},"excerpt":{"rendered":"<p>Vecinos denunciaron que el animal habr\u00eda sido atropellado intencionalmente durante la noche del s\u00e1bado. Aseguran que realizaron la denuncia correspondiente y reclaman que el hecho sea investigado y no quede impune. Un episodio ocurrido durante la noche del s\u00e1bado provoc\u00f3 indignaci\u00f3n entre vecinos de Calchaqu\u00ed, luego de la muerte de \u201cMarcelo\u201d, un perro callejero conocido [&hellip;]<\/p>\n","protected":false},"author":3,"featured_media":74697,"comment_status":"open","ping_status":"open","sticky":false,"template":"","format":"standard","meta":{"_joinchat":[],"footnotes":""},"categories":[56],"tags":[],"class_list":["post-74696","post","type-post","status-publish","format-standard","has-post-thumbnail","category-destacados"],"_links":{"self":[{"href":"https:\/\/infovera.com.ar\/web\/wp-json\/wp\/v2\/posts\/74696","targetHints":{"allow":["GET"]}}],"collection":[{"href":"https:\/\/infovera.com.ar\/web\/wp-json\/wp\/v2\/posts"}],"about":[{"href":"https:\/\/infovera.com.ar\/web\/wp-json\/wp\/v2\/types\/post"}],"author":[{"embeddable":true,"href":"https:\/\/infovera.com.ar\/web\/wp-json\/wp\/v2\/users\/3"}],"replies":[{"embeddable":true,"href":"https:\/\/infovera.com.ar\/web\/wp-json\/wp\/v2\/comments?post=74696"}],"version-history":[{"count":4,"href":"https:\/\/infovera.com.ar\/web\/wp-json\/wp\/v2\/posts\/74696\/revisions"}],"predecessor-version":[{"id":74702,"href":"https:\/\/infovera.com.ar\/web\/wp-json\/wp\/v2\/posts\/74696\/revisions\/74702"}],"wp:featuredmedia":[{"embeddable":true,"href":"https:\/\/infovera.com.ar\/web\/wp-json\/wp\/v2\/media\/74697"}],"wp:attachment":[{"href":"https:\/\/infovera.com.ar\/web\/wp-json\/wp\/v2\/media?parent=74696"}],"wp:term":[{"taxonomy":"category","embeddable":true,"href":"https:\/\/infovera.com.ar\/web\/wp-json\/wp\/v2\/categories?post=74696"},{"taxonomy":"post_tag","embeddable":true,"href":"https:\/\/infovera.com.ar\/web\/wp-json\/wp\/v2\/tags?post=74696"}],"curies":[{"name":"wp","href":"https:\/\/api.w.org\/{rel}","templated":true}]}}