{"id":74691,"date":"2026-09-01T10:12:32","date_gmt":"2026-09-01T13:12:32","guid":{"rendered":"https:\/\/infovera.com.ar\/web\/?p=74691"},"modified":"2026-09-01T10:15:32","modified_gmt":"2026-09-01T13:15:32","slug":"jovenes-de-vera-impulsan-una-nueva-agrupacion-y-plantean-la-renovacion-del-peronismo","status":"publish","type":"post","link":"https:\/\/infovera.com.ar\/web\/2026\/09\/01\/jovenes-de-vera-impulsan-una-nueva-agrupacion-y-plantean-la-renovacion-del-peronismo\/","title":{"rendered":"J\u00f3venes de Vera impulsan una nueva agrupaci\u00f3n y plantean la renovaci\u00f3n del peronismo"},"content":{"rendered":"<p><strong>Integrantes de la Juventud Peronista de Vera conformaron Aurora, un nuevo espacio que apuesta a la formaci\u00f3n pol\u00edtica, la militancia territorial y el recambio generacional dentro del justicialismo.<\/strong><\/p>\n<p>Un grupo de j\u00f3venes militantes de Vera comenz\u00f3 a consolidar Aurora, una nueva agrupaci\u00f3n pol\u00edtica integrada por miembros de la Juventud Peronista local, docentes y estudiantes que vienen participando desde hace varios a\u00f1os en distintos espacios del peronismo.<\/p>\n<p>Uno de sus integrantes es Jos\u00e9 Fern\u00e1ndez, de 28 a\u00f1os y profesor de Educaci\u00f3n F\u00edsica, quien explic\u00f3 que el objetivo es construir una propuesta pol\u00edtica basada principalmente en dos pilares: formaci\u00f3n y militancia.<\/p>\n<p>\u201cSomos j\u00f3venes y luchamos por la renovaci\u00f3n del peronismo a base de formaci\u00f3n y militancia\u201d, expres\u00f3 Fern\u00e1ndez, al se\u00f1alar que el espacio busca prepararse para afrontar los desaf\u00edos pol\u00edticos y sociales de los pr\u00f3ximos a\u00f1os.<\/p>\n<p>Desde Aurora remarcan adem\u00e1s que pretenden mantener autonom\u00eda pol\u00edtica y aseguran no contar con un dirigente que oficie como \u201cpadrino\u201d del espacio. Paralelamente a la actividad partidaria, vienen desarrollando acciones solidarias y de acompa\u00f1amiento a vecinos, entre ellas ollas populares en diferentes barrios y asistencia a familias de acuerdo con los recursos que logran reunir.<\/p>\n<p><img loading=\"lazy\" decoding=\"async\" class=\"alignleft size-full wp-image-74693\" src=\"https:\/\/infovera.com.ar\/web\/wp-content\/uploads\/2026\/09\/WhatsApp-Image-2026-08-29-at-12.03.13-PM.jpeg\" alt=\"\" width=\"810\" height=\"810\" srcset=\"https:\/\/infovera.com.ar\/web\/wp-content\/uploads\/2026\/09\/WhatsApp-Image-2026-08-29-at-12.03.13-PM.jpeg 810w, https:\/\/infovera.com.ar\/web\/wp-content\/uploads\/2026\/09\/WhatsApp-Image-2026-08-29-at-12.03.13-PM-420x420.jpeg 420w, https:\/\/infovera.com.ar\/web\/wp-content\/uploads\/2026\/09\/WhatsApp-Image-2026-08-29-at-12.03.13-PM-696x696.jpeg 696w\" sizes=\"auto, (max-width: 810px) 100vw, 810px\" \/><\/p>\n<p><strong>Formaci\u00f3n\u00a0<\/strong><\/p>\n<p>Una caracter\u00edstica que el grupo pretende imprimirle a su construcci\u00f3n pol\u00edtica es el conocimiento de las problem\u00e1ticas concretas de la ciudad y la regi\u00f3n. Para ello, sus integrantes mantienen encuentros e instancias de formaci\u00f3n con personas vinculadas a diferentes \u00e1reas, buscando contar con elementos que les permitan fijar posiciones y elaborar propuestas.<\/p>\n<p>Entre los temas que vienen abordando mencionan los desag\u00fces de Vera, la falta de pavimento, las dificultades que atraviesa el hospital, la calidad del agua, la situaci\u00f3n de las instituciones locales y el acompa\u00f1amiento que reciben desde el municipio, adem\u00e1s de otras problem\u00e1ticas regionales.<\/p>\n<p>La intenci\u00f3n, explicaron, no es solamente se\u00f1alar dificultades, sino formarse y escuchar a quienes conocen cada problem\u00e1tica para poder construir una opini\u00f3n y una postura fundamentada.<\/p>\n<p>Con Aurora, estos j\u00f3venes buscan comenzar a instalar una nueva expresi\u00f3n dentro del escenario pol\u00edtico local, con una definici\u00f3n concreta: mostrarse como parte de una renovaci\u00f3n generacional del peronismo de Vera, combinando presencia territorial, formaci\u00f3n pol\u00edtica y participaci\u00f3n comunitaria.<\/p>\n<p><img loading=\"lazy\" decoding=\"async\" class=\"alignleft size-full wp-image-74694\" src=\"https:\/\/infovera.com.ar\/web\/wp-content\/uploads\/2026\/09\/WhatsApp-Image-2026-08-29-at-12.03.14-PM.jpeg\" alt=\"\" width=\"1280\" height=\"960\" srcset=\"https:\/\/infovera.com.ar\/web\/wp-content\/uploads\/2026\/09\/WhatsApp-Image-2026-08-29-at-12.03.14-PM.jpeg 1280w, https:\/\/infovera.com.ar\/web\/wp-content\/uploads\/2026\/09\/WhatsApp-Image-2026-08-29-at-12.03.14-PM-560x420.jpeg 560w, https:\/\/infovera.com.ar\/web\/wp-content\/uploads\/2026\/09\/WhatsApp-Image-2026-08-29-at-12.03.14-PM-80x60.jpeg 80w, https:\/\/infovera.com.ar\/web\/wp-content\/uploads\/2026\/09\/WhatsApp-Image-2026-08-29-at-12.03.14-PM-696x522.jpeg 696w, https:\/\/infovera.com.ar\/web\/wp-content\/uploads\/2026\/09\/WhatsApp-Image-2026-08-29-at-12.03.14-PM-1068x801.jpeg 1068w, https:\/\/infovera.com.ar\/web\/wp-content\/uploads\/2026\/09\/WhatsApp-Image-2026-08-29-at-12.03.14-PM-265x198.jpeg 265w\" sizes=\"auto, (max-width: 1280px) 100vw, 1280px\" \/><\/p>\n","protected":false},"excerpt":{"rendered":"<p>Integrantes de la Juventud Peronista de Vera conformaron Aurora, un nuevo espacio que apuesta a la formaci\u00f3n pol\u00edtica, la militancia territorial y el recambio generacional dentro del justicialismo. Un grupo de j\u00f3venes militantes de Vera comenz\u00f3 a consolidar Aurora, una nueva agrupaci\u00f3n pol\u00edtica integrada por miembros de la Juventud Peronista local, docentes y estudiantes que [&hellip;]<\/p>\n","protected":false},"author":3,"featured_media":74692,"comment_status":"open","ping_status":"open","sticky":false,"template":"","format":"standard","meta":{"_joinchat":[],"footnotes":""},"categories":[56],"tags":[],"class_list":["post-74691","post","type-post","status-publish","format-standard","has-post-thumbnail","category-destacados"],"_links":{"self":[{"href":"https:\/\/infovera.com.ar\/web\/wp-json\/wp\/v2\/posts\/74691","targetHints":{"allow":["GET"]}}],"collection":[{"href":"https:\/\/infovera.com.ar\/web\/wp-json\/wp\/v2\/posts"}],"about":[{"href":"https:\/\/infovera.com.ar\/web\/wp-json\/wp\/v2\/types\/post"}],"author":[{"embeddable":true,"href":"https:\/\/infovera.com.ar\/web\/wp-json\/wp\/v2\/users\/3"}],"replies":[{"embeddable":true,"href":"https:\/\/infovera.com.ar\/web\/wp-json\/wp\/v2\/comments?post=74691"}],"version-history":[{"count":1,"href":"https:\/\/infovera.com.ar\/web\/wp-json\/wp\/v2\/posts\/74691\/revisions"}],"predecessor-version":[{"id":74695,"href":"https:\/\/infovera.com.ar\/web\/wp-json\/wp\/v2\/posts\/74691\/revisions\/74695"}],"wp:featuredmedia":[{"embeddable":true,"href":"https:\/\/infovera.com.ar\/web\/wp-json\/wp\/v2\/media\/74692"}],"wp:attachment":[{"href":"https:\/\/infovera.com.ar\/web\/wp-json\/wp\/v2\/media?parent=74691"}],"wp:term":[{"taxonomy":"category","embeddable":true,"href":"https:\/\/infovera.com.ar\/web\/wp-json\/wp\/v2\/categories?post=74691"},{"taxonomy":"post_tag","embeddable":true,"href":"https:\/\/infovera.com.ar\/web\/wp-json\/wp\/v2\/tags?post=74691"}],"curies":[{"name":"wp","href":"https:\/\/api.w.org\/{rel}","templated":true}]}}