{"id":74685,"date":"2026-09-01T09:53:21","date_gmt":"2026-09-01T12:53:21","guid":{"rendered":"https:\/\/infovera.com.ar\/web\/?p=74685"},"modified":"2026-09-01T09:53:21","modified_gmt":"2026-09-01T12:53:21","slug":"vera-sera-sede-de-una-clinica-de-conduccion-segura-de-motos","status":"publish","type":"post","link":"https:\/\/infovera.com.ar\/web\/2026\/09\/01\/vera-sera-sede-de-una-clinica-de-conduccion-segura-de-motos\/","title":{"rendered":"Vera ser\u00e1 sede de una Cl\u00ednica de Conducci\u00f3n Segura de Motos"},"content":{"rendered":"<p><strong>La jornada te\u00f3rico-pr\u00e1ctica estar\u00e1 a cargo de instructores de la Agencia Provincial de Seguridad Vial y busca fortalecer los conocimientos y habilidades de quienes conducen motoveh\u00edculos.<\/strong><\/p>\n<p>La Municipalidad de Vera, en articulaci\u00f3n con la Agencia Provincial de Seguridad Vial (APSV), llevar\u00e1 adelante una Cl\u00ednica de Conducci\u00f3n Segura de Motos, destinada a conductores de motoveh\u00edculos de la ciudad y la regi\u00f3n.<\/p>\n<p>La actividad se desarrollar\u00e1 el mi\u00e9rcoles 16 de septiembre, a las 14 horas, en Corrientes y Rivadavia, y tendr\u00e1 una modalidad te\u00f3rico-pr\u00e1ctica, con contenidos adaptados al nivel de experiencia de los participantes, diferenciando las necesidades de conductores principiantes y avanzados.<\/p>\n<p>El objetivo de la cl\u00ednica es mejorar el conocimiento y las habilidades t\u00e9cnicas de los conductores, promoviendo buenas pr\u00e1cticas de conducci\u00f3n, el cumplimiento de las normas de tr\u00e1nsito y el uso adecuado de los elementos de seguridad.<\/p>\n<p>Durante la jornada, los instructores de la APSV abordar\u00e1n, de manera did\u00e1ctica y pr\u00e1ctica, diferentes aspectos vinculados a la conducci\u00f3n segura, entre ellos:<\/p>\n<p>&#8211; Buenas pr\u00e1cticas de conducci\u00f3n.<br \/>\n&#8211; Postura y gesti\u00f3n de la mirada.<br \/>\n&#8211; T\u00e9cnicas de frenado de emergencia.<br \/>\n&#8211; Uso adecuado del casco y del equipo de protecci\u00f3n.<\/p>\n<p>Adem\u00e1s, como parte de la propuesta, se realizar\u00e1 el canje de cascos usados por nuevos cascos homologados para los participantes, reforzando la importancia de contar con elementos de protecci\u00f3n adecuados.<\/p>\n<p><strong>Requisitos para participar<\/strong><\/p>\n<p>Los asistentes deber\u00e1n concurrir con su moto, casco y licencia de conducir vigente. Tambi\u00e9n se recomienda llevar ropa c\u00f3moda y agua, y asistir con los neum\u00e1ticos correctamente inflados.<\/p>\n<p>La actividad requiere inscripci\u00f3n previa en el siguiente link: Inscripciones: <a href=\"https:\/\/forms.gle\/GkzciorbFy7heKT8A\">https:\/\/forms.gle\/GkzciorbFy7heKT8A<\/a> y cuenta con cupos limitados. Desde la organizaci\u00f3n se solicita especialmente puntualidad.<\/p>\n<p>La iniciativa forma parte de las acciones orientadas a fortalecer la educaci\u00f3n vial y la prevenci\u00f3n de siniestros, generando espacios de capacitaci\u00f3n que permitan incorporar herramientas concretas para una circulaci\u00f3n m\u00e1s segura en las calles de Vera.<\/p>\n<p>Organizan: Municipalidad de Vera y Agencia Provincial de Seguridad Vial \u2014 Provincia de Santa Fe.<\/p>\n","protected":false},"excerpt":{"rendered":"<p>La jornada te\u00f3rico-pr\u00e1ctica estar\u00e1 a cargo de instructores de la Agencia Provincial de Seguridad Vial y busca fortalecer los conocimientos y habilidades de quienes conducen motoveh\u00edculos. La Municipalidad de Vera, en articulaci\u00f3n con la Agencia Provincial de Seguridad Vial (APSV), llevar\u00e1 adelante una Cl\u00ednica de Conducci\u00f3n Segura de Motos, destinada a conductores de motoveh\u00edculos de [&hellip;]<\/p>\n","protected":false},"author":3,"featured_media":74686,"comment_status":"open","ping_status":"open","sticky":false,"template":"","format":"standard","meta":{"_joinchat":[],"footnotes":""},"categories":[56],"tags":[],"class_list":["post-74685","post","type-post","status-publish","format-standard","has-post-thumbnail","category-destacados"],"_links":{"self":[{"href":"https:\/\/infovera.com.ar\/web\/wp-json\/wp\/v2\/posts\/74685","targetHints":{"allow":["GET"]}}],"collection":[{"href":"https:\/\/infovera.com.ar\/web\/wp-json\/wp\/v2\/posts"}],"about":[{"href":"https:\/\/infovera.com.ar\/web\/wp-json\/wp\/v2\/types\/post"}],"author":[{"embeddable":true,"href":"https:\/\/infovera.com.ar\/web\/wp-json\/wp\/v2\/users\/3"}],"replies":[{"embeddable":true,"href":"https:\/\/infovera.com.ar\/web\/wp-json\/wp\/v2\/comments?post=74685"}],"version-history":[{"count":1,"href":"https:\/\/infovera.com.ar\/web\/wp-json\/wp\/v2\/posts\/74685\/revisions"}],"predecessor-version":[{"id":74687,"href":"https:\/\/infovera.com.ar\/web\/wp-json\/wp\/v2\/posts\/74685\/revisions\/74687"}],"wp:featuredmedia":[{"embeddable":true,"href":"https:\/\/infovera.com.ar\/web\/wp-json\/wp\/v2\/media\/74686"}],"wp:attachment":[{"href":"https:\/\/infovera.com.ar\/web\/wp-json\/wp\/v2\/media?parent=74685"}],"wp:term":[{"taxonomy":"category","embeddable":true,"href":"https:\/\/infovera.com.ar\/web\/wp-json\/wp\/v2\/categories?post=74685"},{"taxonomy":"post_tag","embeddable":true,"href":"https:\/\/infovera.com.ar\/web\/wp-json\/wp\/v2\/tags?post=74685"}],"curies":[{"name":"wp","href":"https:\/\/api.w.org\/{rel}","templated":true}]}}