{"id":74682,"date":"2026-09-01T09:35:09","date_gmt":"2026-09-01T12:35:09","guid":{"rendered":"https:\/\/infovera.com.ar\/web\/?p=74682"},"modified":"2026-09-01T09:35:09","modified_gmt":"2026-09-01T12:35:09","slug":"villa-ocampo-tres-detenidos-por-abigeato","status":"publish","type":"post","link":"https:\/\/infovera.com.ar\/web\/2026\/09\/01\/villa-ocampo-tres-detenidos-por-abigeato\/","title":{"rendered":"Villa Ocampo: tres detenidos por abigeato"},"content":{"rendered":"<p><strong>Personal de la Secci\u00f3n N.o 9 de la Direcci\u00f3n General de Seguridad Rural \u201cLos Pumas\u201d, <\/strong><strong>con asiento en Villa Ocampo, llev\u00f3 adelante una importante investigaci\u00f3n que <\/strong><strong>permiti\u00f3 esclarecer un hecho de Abigeato Calificado, ocurrido en la zona rural de <\/strong><strong>Villa Guillermina.<\/strong><\/p>\n<p>A ra\u00edz de diversas tareas investigativas y entrevistas realizadas en<br \/>\nla localidad, los efectivos rurales lograron reunir informaci\u00f3n de inter\u00e9s que<br \/>\npermiti\u00f3 avanzar r\u00e1pidamente en el esclarecimiento del il\u00edcito. Como resultado de<br \/>\nlos procedimientos realizados, efectuaron requisas en distintos domicilios y<br \/>\nestablecimientos. En la vivienda de un familiar de uno de los sospechosos<br \/>\nprocedieron al secuestro de 130 kilogramos de carne vacuna y a la aprehensi\u00f3n de<br \/>\nuno de los involucrados.<\/p>\n<p>Posteriormente, en una carnicer\u00eda vinculada al mismo, se<br \/>\nsecuestraron otros 30 kilogramos de carne vacuna; Asimismo, en otro domicilio<br \/>\nlograron secuestrar un cuero vacuno de pelaje negro con marca, elemento de suma<br \/>\nimportancia para la investigaci\u00f3n.<\/p>\n<p>Continuando con las diligencias, el personal policial se constituy\u00f3 en el establecimiento rural donde se habr\u00eda producido el hecho.<\/p>\n<p>All\u00ed realizaron una requisa y secuestraron una cabeza de animal vacuno con<br \/>\nlas orejas cortadas, cuatro patas y la cola, que se encontraban enterradas, adem\u00e1s de<br \/>\nun lazo de nylon con aparentes manchas de sangre. En el lugar se procedi\u00f3 a la<br \/>\naprehensi\u00f3n de otro de los sospechosos.<\/p>\n<p>Posteriormente, se present\u00f3 ante la dependencia policial el damnificado, quien formaliz\u00f3 la denuncia por el faenamiento clandestino de un animal vacuno perteneciente a un familiar. Interiorizado de las actuaciones, el Fiscal interviniente de la Unidad Fiscal de Las Toscas dispuso diversas medidas y libr\u00f3 \u00f3rdenes de detenci\u00f3n para los involucrados.<\/p>\n<p>Como resultado, se concret\u00f3 la detenci\u00f3n de un tercer hombre en la localidad de Villa<br \/>\nGuillermina. Finalmente, los tres detenidos fueron trasladados a la Alcaid\u00eda de la<br \/>\nUnidad Regional XIX de Vera, donde permanecen alojados a disposici\u00f3n de la Justicia<br \/>\ny a la espera de la correspondiente audiencia imputativa.<\/p>\n","protected":false},"excerpt":{"rendered":"<p>Personal de la Secci\u00f3n N.o 9 de la Direcci\u00f3n General de Seguridad Rural \u201cLos Pumas\u201d, con asiento en Villa Ocampo, llev\u00f3 adelante una importante investigaci\u00f3n que permiti\u00f3 esclarecer un hecho de Abigeato Calificado, ocurrido en la zona rural de Villa Guillermina. A ra\u00edz de diversas tareas investigativas y entrevistas realizadas en la localidad, los efectivos [&hellip;]<\/p>\n","protected":false},"author":3,"featured_media":74683,"comment_status":"open","ping_status":"open","sticky":false,"template":"","format":"standard","meta":{"_joinchat":[],"footnotes":""},"categories":[30,61],"tags":[],"class_list":["post-74682","post","type-post","status-publish","format-standard","has-post-thumbnail","category-policiales","category-regionales"],"_links":{"self":[{"href":"https:\/\/infovera.com.ar\/web\/wp-json\/wp\/v2\/posts\/74682","targetHints":{"allow":["GET"]}}],"collection":[{"href":"https:\/\/infovera.com.ar\/web\/wp-json\/wp\/v2\/posts"}],"about":[{"href":"https:\/\/infovera.com.ar\/web\/wp-json\/wp\/v2\/types\/post"}],"author":[{"embeddable":true,"href":"https:\/\/infovera.com.ar\/web\/wp-json\/wp\/v2\/users\/3"}],"replies":[{"embeddable":true,"href":"https:\/\/infovera.com.ar\/web\/wp-json\/wp\/v2\/comments?post=74682"}],"version-history":[{"count":1,"href":"https:\/\/infovera.com.ar\/web\/wp-json\/wp\/v2\/posts\/74682\/revisions"}],"predecessor-version":[{"id":74684,"href":"https:\/\/infovera.com.ar\/web\/wp-json\/wp\/v2\/posts\/74682\/revisions\/74684"}],"wp:featuredmedia":[{"embeddable":true,"href":"https:\/\/infovera.com.ar\/web\/wp-json\/wp\/v2\/media\/74683"}],"wp:attachment":[{"href":"https:\/\/infovera.com.ar\/web\/wp-json\/wp\/v2\/media?parent=74682"}],"wp:term":[{"taxonomy":"category","embeddable":true,"href":"https:\/\/infovera.com.ar\/web\/wp-json\/wp\/v2\/categories?post=74682"},{"taxonomy":"post_tag","embeddable":true,"href":"https:\/\/infovera.com.ar\/web\/wp-json\/wp\/v2\/tags?post=74682"}],"curies":[{"name":"wp","href":"https:\/\/api.w.org\/{rel}","templated":true}]}}