{"id":74677,"date":"2026-08-31T20:42:45","date_gmt":"2026-08-31T23:42:45","guid":{"rendered":"https:\/\/infovera.com.ar\/web\/?p=74677"},"modified":"2026-08-31T20:42:45","modified_gmt":"2026-08-31T23:42:45","slug":"cuatro-policias-de-la-ur-xix-fueron-distinguidos-con-la-medalla-a-la-abnegacion","status":"publish","type":"post","link":"https:\/\/infovera.com.ar\/web\/2026\/08\/31\/cuatro-policias-de-la-ur-xix-fueron-distinguidos-con-la-medalla-a-la-abnegacion\/","title":{"rendered":"Cuatro polic\u00edas de la UR XIX fueron distinguidos con la Medalla a la Abnegaci\u00f3n"},"content":{"rendered":"<p><strong>El reconocimiento fue otorgado por la Jefatura de Polic\u00eda de Santa Fe por el rescate de un hombre durante el incendio de una vivienda ocurrido en Garabato en julio de 2025.<\/strong><\/p>\n<p>En el marco del acto central por el 162\u00b0 aniversario de la Polic\u00eda de la Provincia de Santa Fe, realizado en la ciudad de Venado Tuerto, cuatro integrantes de la Unidad Regional XIX \u2013 Departamento Vera fueron distinguidos por la Jefatura de Polic\u00eda provincial con la Medalla a la Abnegaci\u00f3n.<\/p>\n<p>Los efectivos reconocidos fueron la subcomisario Marianela Andrea Bolz\u00e1n, el oficial de Polic\u00eda Luis Ram\u00f3n Pizarro y los suboficiales Mar\u00eda del Carmen Funes y Jerem\u00edas Guillermo Radosevich.<\/p>\n<p>La distinci\u00f3n responde a la destacada intervenci\u00f3n que protagonizaron el 6 de julio de 2025 en la localidad de Garabato, jurisdicci\u00f3n de la Subcomisar\u00eda 4\u00aa de la UR XIX.<\/p>\n<p>Durante la madrugada, los funcionarios se encontraban realizando patrullajes preventivos cuando observaron una gran cantidad de humo que proven\u00eda del interior de una vivienda. Al acercarse comprobaron que en el inmueble hab\u00eda importantes llamaradas y que en su interior permanec\u00eda un hombre, aparentemente dormido.<\/p>\n<p>Frente a la gravedad de la situaci\u00f3n y sin perder tiempo, los polic\u00edas ingresaron a la vivienda en llamas y lograron rescatar al hombre, poni\u00e9ndolo a salvo.<\/p>\n<p>Gracias a la r\u00e1pida intervenci\u00f3n de los efectivos, la persona pudo salir del inmueble sin sufrir consecuencias f\u00edsicas.<\/p>\n<p>La actuaci\u00f3n fue reconocida ahora oficialmente por la Jefatura de Polic\u00eda de la Provincia mediante la entrega de la Medalla a la Abnegaci\u00f3n, destacando el compromiso y la decisi\u00f3n demostrados por los cuatro integrantes de la fuerza al poner en riesgo su propia integridad para salvar una vida.<\/p>\n<p><img loading=\"lazy\" decoding=\"async\" class=\"alignleft size-full wp-image-74679\" src=\"https:\/\/infovera.com.ar\/web\/wp-content\/uploads\/2026\/08\/WhatsApp-Image-2026-08-31-at-7.43.00-PM.jpeg\" alt=\"\" width=\"1181\" height=\"879\" srcset=\"https:\/\/infovera.com.ar\/web\/wp-content\/uploads\/2026\/08\/WhatsApp-Image-2026-08-31-at-7.43.00-PM.jpeg 1181w, https:\/\/infovera.com.ar\/web\/wp-content\/uploads\/2026\/08\/WhatsApp-Image-2026-08-31-at-7.43.00-PM-564x420.jpeg 564w, https:\/\/infovera.com.ar\/web\/wp-content\/uploads\/2026\/08\/WhatsApp-Image-2026-08-31-at-7.43.00-PM-80x60.jpeg 80w, https:\/\/infovera.com.ar\/web\/wp-content\/uploads\/2026\/08\/WhatsApp-Image-2026-08-31-at-7.43.00-PM-696x518.jpeg 696w, https:\/\/infovera.com.ar\/web\/wp-content\/uploads\/2026\/08\/WhatsApp-Image-2026-08-31-at-7.43.00-PM-1068x795.jpeg 1068w, https:\/\/infovera.com.ar\/web\/wp-content\/uploads\/2026\/08\/WhatsApp-Image-2026-08-31-at-7.43.00-PM-265x198.jpeg 265w\" sizes=\"auto, (max-width: 1181px) 100vw, 1181px\" \/><\/p>\n","protected":false},"excerpt":{"rendered":"<p>El reconocimiento fue otorgado por la Jefatura de Polic\u00eda de Santa Fe por el rescate de un hombre durante el incendio de una vivienda ocurrido en Garabato en julio de 2025. En el marco del acto central por el 162\u00b0 aniversario de la Polic\u00eda de la Provincia de Santa Fe, realizado en la ciudad de [&hellip;]<\/p>\n","protected":false},"author":3,"featured_media":74678,"comment_status":"open","ping_status":"open","sticky":false,"template":"","format":"standard","meta":{"_joinchat":[],"footnotes":""},"categories":[56],"tags":[],"class_list":["post-74677","post","type-post","status-publish","format-standard","has-post-thumbnail","category-destacados"],"_links":{"self":[{"href":"https:\/\/infovera.com.ar\/web\/wp-json\/wp\/v2\/posts\/74677","targetHints":{"allow":["GET"]}}],"collection":[{"href":"https:\/\/infovera.com.ar\/web\/wp-json\/wp\/v2\/posts"}],"about":[{"href":"https:\/\/infovera.com.ar\/web\/wp-json\/wp\/v2\/types\/post"}],"author":[{"embeddable":true,"href":"https:\/\/infovera.com.ar\/web\/wp-json\/wp\/v2\/users\/3"}],"replies":[{"embeddable":true,"href":"https:\/\/infovera.com.ar\/web\/wp-json\/wp\/v2\/comments?post=74677"}],"version-history":[{"count":1,"href":"https:\/\/infovera.com.ar\/web\/wp-json\/wp\/v2\/posts\/74677\/revisions"}],"predecessor-version":[{"id":74680,"href":"https:\/\/infovera.com.ar\/web\/wp-json\/wp\/v2\/posts\/74677\/revisions\/74680"}],"wp:featuredmedia":[{"embeddable":true,"href":"https:\/\/infovera.com.ar\/web\/wp-json\/wp\/v2\/media\/74678"}],"wp:attachment":[{"href":"https:\/\/infovera.com.ar\/web\/wp-json\/wp\/v2\/media?parent=74677"}],"wp:term":[{"taxonomy":"category","embeddable":true,"href":"https:\/\/infovera.com.ar\/web\/wp-json\/wp\/v2\/categories?post=74677"},{"taxonomy":"post_tag","embeddable":true,"href":"https:\/\/infovera.com.ar\/web\/wp-json\/wp\/v2\/tags?post=74677"}],"curies":[{"name":"wp","href":"https:\/\/api.w.org\/{rel}","templated":true}]}}