{"id":74674,"date":"2026-08-31T18:34:50","date_gmt":"2026-08-31T21:34:50","guid":{"rendered":"https:\/\/infovera.com.ar\/web\/?p=74674"},"modified":"2026-08-31T18:34:50","modified_gmt":"2026-08-31T21:34:50","slug":"en-vera-conmemoraron-el-162-aniversario-de-la-policia-de-santa-fe","status":"publish","type":"post","link":"https:\/\/infovera.com.ar\/web\/2026\/08\/31\/en-vera-conmemoraron-el-162-aniversario-de-la-policia-de-santa-fe\/","title":{"rendered":"En Vera conmemoraron el 162 Aniversario de la Polic\u00eda de Santa Fe"},"content":{"rendered":"<p>En la ma\u00f1ana de hoy, 31 de agosto de 2026, con motivo de conmemorarse el 162\u00b0 Aniversario de la Institucionalizaci\u00f3n de la Polic\u00eda de la Provincia de Santa Fe, se llev\u00f3 a cabo una ceremonia en el Hall de la Jefatura de la Unidad Regional XIX \u2013 Departamento Vera. La ceremonia fue presidida por el Sr. Subjefe de la Unidad Regional XIX, Director de Polic\u00eda Lic. Jorge Miguel FERREYRA, quien estuvo acompa\u00f1ado por integrantes de la Plana Mayor, Plana Especial y personal subalterno de esta Unidad Regional. Dando inicio al acto, se hizo referencia a la significativa fecha que conmemora los or\u00edgenes y la trayectoria institucional de la Polic\u00eda de la Provincia de Santa Fe.<\/p>\n<p>Seguidamente, el Director de Polic\u00eda Lic. Mario de los Santos y la Subcomisario Araceli Maldonado realizaron el dep\u00f3sito de una ofrenda floral en memoria de los camaradas fallecidos, acto que fue acompa\u00f1ado por un minuto de silencio, ejecutado por integrantes de la Banda de M\u00fasica de la ciudad de Vera, en un sentido homenaje a quienes ofrendaron su vida en cumplimiento del deber.<\/p>\n<p>Para finalizar, el Sr. Subjefe de la Unidad Regional XIX, Director de Polic\u00eda Lic. Jorge Miguel FERREYRA, dio lectura al discurso emitido con motivo de esta fecha por el Sr. Jefe de Polic\u00eda de la Provincia de Santa Fe, Director General de Polic\u00eda Lic. Luis Pablo Mart\u00edn Maldonado.<\/p>\n","protected":false},"excerpt":{"rendered":"<p>En la ma\u00f1ana de hoy, 31 de agosto de 2026, con motivo de conmemorarse el 162\u00b0 Aniversario de la Institucionalizaci\u00f3n de la Polic\u00eda de la Provincia de Santa Fe, se llev\u00f3 a cabo una ceremonia en el Hall de la Jefatura de la Unidad Regional XIX \u2013 Departamento Vera. La ceremonia fue presidida por el [&hellip;]<\/p>\n","protected":false},"author":3,"featured_media":74675,"comment_status":"open","ping_status":"open","sticky":false,"template":"","format":"standard","meta":{"_joinchat":[],"footnotes":""},"categories":[53],"tags":[],"class_list":["post-74674","post","type-post","status-publish","format-standard","has-post-thumbnail","category-vera"],"_links":{"self":[{"href":"https:\/\/infovera.com.ar\/web\/wp-json\/wp\/v2\/posts\/74674","targetHints":{"allow":["GET"]}}],"collection":[{"href":"https:\/\/infovera.com.ar\/web\/wp-json\/wp\/v2\/posts"}],"about":[{"href":"https:\/\/infovera.com.ar\/web\/wp-json\/wp\/v2\/types\/post"}],"author":[{"embeddable":true,"href":"https:\/\/infovera.com.ar\/web\/wp-json\/wp\/v2\/users\/3"}],"replies":[{"embeddable":true,"href":"https:\/\/infovera.com.ar\/web\/wp-json\/wp\/v2\/comments?post=74674"}],"version-history":[{"count":1,"href":"https:\/\/infovera.com.ar\/web\/wp-json\/wp\/v2\/posts\/74674\/revisions"}],"predecessor-version":[{"id":74676,"href":"https:\/\/infovera.com.ar\/web\/wp-json\/wp\/v2\/posts\/74674\/revisions\/74676"}],"wp:featuredmedia":[{"embeddable":true,"href":"https:\/\/infovera.com.ar\/web\/wp-json\/wp\/v2\/media\/74675"}],"wp:attachment":[{"href":"https:\/\/infovera.com.ar\/web\/wp-json\/wp\/v2\/media?parent=74674"}],"wp:term":[{"taxonomy":"category","embeddable":true,"href":"https:\/\/infovera.com.ar\/web\/wp-json\/wp\/v2\/categories?post=74674"},{"taxonomy":"post_tag","embeddable":true,"href":"https:\/\/infovera.com.ar\/web\/wp-json\/wp\/v2\/tags?post=74674"}],"curies":[{"name":"wp","href":"https:\/\/api.w.org\/{rel}","templated":true}]}}