{"id":74668,"date":"2026-08-31T10:40:52","date_gmt":"2026-08-31T13:40:52","guid":{"rendered":"https:\/\/infovera.com.ar\/web\/?p=74668"},"modified":"2026-08-31T10:40:52","modified_gmt":"2026-08-31T13:40:52","slug":"cronograma-de-pago-de-haberes-de-agosto-a-trabajadores-provinciales-2","status":"publish","type":"post","link":"https:\/\/infovera.com.ar\/web\/2026\/08\/31\/cronograma-de-pago-de-haberes-de-agosto-a-trabajadores-provinciales-2\/","title":{"rendered":"Cronograma de pago de haberes de agosto a trabajadores provinciales"},"content":{"rendered":"<p><strong>Comenzar\u00e1 el martes 1 de septiembre y se extender\u00e1 hasta el lunes 7. La liquidaci\u00f3n incluye el incremento acordado en paritarias del 3,8 % acumulado para agosto con respecto a junio (2% julio, 1,8% agosto) con el m\u00ednimo garantizado de $ 100.000 -siempre en relaci\u00f3n al sueldo de junio-.<\/strong><\/p>\n<p>El Gobierno Provincial, a trav\u00e9s del Ministerio de Econom\u00eda, inform\u00f3 que los haberes del mes de agosto se percibir\u00e1n a partir del martes 1 de septiembre del 2026.<br \/>\nLa liquidaci\u00f3n de sueldos incluye el incremento acordado en paritarias que para agosto alcanza un acumulado de 3,8% (2% en julio y 1,8% de agosto), adem\u00e1s del m\u00ednimo garantizado de $ 100.000, todo en relaci\u00f3n al sueldo de junio.<\/p>\n<p>Martes 1 de septiembre<br \/>\n* Escalaf\u00f3n Policial y Penitenciario.<br \/>\n* Pasivos a los que les corresponde percibir un monto de bolsillo de hasta $ 1.510.000.<\/p>\n<p>Mi\u00e9rcoles 2 de septiembre<br \/>\n* Activos a los que les corresponde percibir un monto de bolsillo de hasta $ 1.510.000<br \/>\n* Docentes de Escuelas Privadas Transferidas 1\u00b0 y 2\u00b0 Convenio<\/p>\n<p>Jueves 3 de septiembre<br \/>\n* Resto de Activos a los que les corresponde percibir un monto de bolsillo superior a $ 1.510.000.<br \/>\n* Docentes de Escuelas Privadas Hist\u00f3ricas<\/p>\n<p>Viernes 4 de septiembre<br \/>\n* Resto de Pasivos a los que les corresponde percibir un monto de bolsillo superior a los $1.510.000<\/p>\n<p>Lunes 7 de septiembre<br \/>\n* Autoridades Superiores Poder Judicial, MPA, MPD, TCP, Poder Legislativo y Poder Ejecutivo.<\/p>\n","protected":false},"excerpt":{"rendered":"<p>Comenzar\u00e1 el martes 1 de septiembre y se extender\u00e1 hasta el lunes 7. La liquidaci\u00f3n incluye el incremento acordado en paritarias del 3,8 % acumulado para agosto con respecto a junio (2% julio, 1,8% agosto) con el m\u00ednimo garantizado de $ 100.000 -siempre en relaci\u00f3n al sueldo de junio-. El Gobierno Provincial, a trav\u00e9s del [&hellip;]<\/p>\n","protected":false},"author":3,"featured_media":0,"comment_status":"open","ping_status":"open","sticky":false,"template":"","format":"standard","meta":{"_joinchat":[],"footnotes":""},"categories":[60],"tags":[],"class_list":["post-74668","post","type-post","status-publish","format-standard","category-provinciales"],"_links":{"self":[{"href":"https:\/\/infovera.com.ar\/web\/wp-json\/wp\/v2\/posts\/74668","targetHints":{"allow":["GET"]}}],"collection":[{"href":"https:\/\/infovera.com.ar\/web\/wp-json\/wp\/v2\/posts"}],"about":[{"href":"https:\/\/infovera.com.ar\/web\/wp-json\/wp\/v2\/types\/post"}],"author":[{"embeddable":true,"href":"https:\/\/infovera.com.ar\/web\/wp-json\/wp\/v2\/users\/3"}],"replies":[{"embeddable":true,"href":"https:\/\/infovera.com.ar\/web\/wp-json\/wp\/v2\/comments?post=74668"}],"version-history":[{"count":1,"href":"https:\/\/infovera.com.ar\/web\/wp-json\/wp\/v2\/posts\/74668\/revisions"}],"predecessor-version":[{"id":74670,"href":"https:\/\/infovera.com.ar\/web\/wp-json\/wp\/v2\/posts\/74668\/revisions\/74670"}],"wp:attachment":[{"href":"https:\/\/infovera.com.ar\/web\/wp-json\/wp\/v2\/media?parent=74668"}],"wp:term":[{"taxonomy":"category","embeddable":true,"href":"https:\/\/infovera.com.ar\/web\/wp-json\/wp\/v2\/categories?post=74668"},{"taxonomy":"post_tag","embeddable":true,"href":"https:\/\/infovera.com.ar\/web\/wp-json\/wp\/v2\/tags?post=74668"}],"curies":[{"name":"wp","href":"https:\/\/api.w.org\/{rel}","templated":true}]}}