{"id":74655,"date":"2026-08-31T09:44:14","date_gmt":"2026-08-31T12:44:14","guid":{"rendered":"https:\/\/infovera.com.ar\/web\/?p=74655"},"modified":"2026-08-31T09:44:14","modified_gmt":"2026-08-31T12:44:14","slug":"choque-entre-dos-motos-dejo-cuatro-heridos-dos-menores-fueron-trasladados-a-reconquista","status":"publish","type":"post","link":"https:\/\/infovera.com.ar\/web\/2026\/08\/31\/choque-entre-dos-motos-dejo-cuatro-heridos-dos-menores-fueron-trasladados-a-reconquista\/","title":{"rendered":"Choque entre dos motos dej\u00f3 cuatro heridos: dos menores fueron trasladados a Reconquista"},"content":{"rendered":"<p><strong>Un accidente de tr\u00e1nsito entre dos motocicletas dej\u00f3 cuatro personas heridas durante la madrugada del domingo 30 de agosto en la localidad de Garabato. Dos adolescentes de 15 a\u00f1os debieron ser trasladados al Hospital de Reconquista.<\/strong><\/p>\n<p>De acuerdo con la informaci\u00f3n suministrada por la Unidad Regional XIX, el siniestro ocurri\u00f3 sobre calle Belgrano, por causas que todav\u00eda se tratan de establecer.<\/p>\n<p>En el choque estuvieron involucradas una Yamaha YBR 125 cc de color negro, en la que circulaban dos personas de 35 y 26 a\u00f1os, y una Honda Wave gris perla, ocupada por dos menores, ambos de 15 a\u00f1os.<\/p>\n<p>Como consecuencia del impacto, los cuatro involucrados fueron asistidos inicialmente en el SAMCO de Garabato.<\/p>\n<p>Las personas de 35 y 26 a\u00f1os recibieron atenci\u00f3n en el centro de salud local, mientras que los dos adolescentes presentaron lesiones sujetas a evoluci\u00f3n, por lo que se dispuso su traslado al Hospital de Reconquista para una atenci\u00f3n de mayor complejidad.<\/p>\n<p>Personal de la Subcomisar\u00eda 4.\u00aa de Garabato intervino en el hecho y trabaja para determinar las circunstancias en las que se produjo la colisi\u00f3n.<\/p>\n","protected":false},"excerpt":{"rendered":"<p>Un accidente de tr\u00e1nsito entre dos motocicletas dej\u00f3 cuatro personas heridas durante la madrugada del domingo 30 de agosto en la localidad de Garabato. Dos adolescentes de 15 a\u00f1os debieron ser trasladados al Hospital de Reconquista. De acuerdo con la informaci\u00f3n suministrada por la Unidad Regional XIX, el siniestro ocurri\u00f3 sobre calle Belgrano, por causas [&hellip;]<\/p>\n","protected":false},"author":3,"featured_media":70039,"comment_status":"open","ping_status":"open","sticky":false,"template":"","format":"standard","meta":{"_joinchat":[],"footnotes":""},"categories":[51,30],"tags":[],"class_list":["post-74655","post","type-post","status-publish","format-standard","has-post-thumbnail","category-locales","category-policiales"],"_links":{"self":[{"href":"https:\/\/infovera.com.ar\/web\/wp-json\/wp\/v2\/posts\/74655","targetHints":{"allow":["GET"]}}],"collection":[{"href":"https:\/\/infovera.com.ar\/web\/wp-json\/wp\/v2\/posts"}],"about":[{"href":"https:\/\/infovera.com.ar\/web\/wp-json\/wp\/v2\/types\/post"}],"author":[{"embeddable":true,"href":"https:\/\/infovera.com.ar\/web\/wp-json\/wp\/v2\/users\/3"}],"replies":[{"embeddable":true,"href":"https:\/\/infovera.com.ar\/web\/wp-json\/wp\/v2\/comments?post=74655"}],"version-history":[{"count":1,"href":"https:\/\/infovera.com.ar\/web\/wp-json\/wp\/v2\/posts\/74655\/revisions"}],"predecessor-version":[{"id":74656,"href":"https:\/\/infovera.com.ar\/web\/wp-json\/wp\/v2\/posts\/74655\/revisions\/74656"}],"wp:featuredmedia":[{"embeddable":true,"href":"https:\/\/infovera.com.ar\/web\/wp-json\/wp\/v2\/media\/70039"}],"wp:attachment":[{"href":"https:\/\/infovera.com.ar\/web\/wp-json\/wp\/v2\/media?parent=74655"}],"wp:term":[{"taxonomy":"category","embeddable":true,"href":"https:\/\/infovera.com.ar\/web\/wp-json\/wp\/v2\/categories?post=74655"},{"taxonomy":"post_tag","embeddable":true,"href":"https:\/\/infovera.com.ar\/web\/wp-json\/wp\/v2\/tags?post=74655"}],"curies":[{"name":"wp","href":"https:\/\/api.w.org\/{rel}","templated":true}]}}