{"id":74653,"date":"2026-08-31T09:40:12","date_gmt":"2026-08-31T12:40:12","guid":{"rendered":"https:\/\/infovera.com.ar\/web\/?p=74653"},"modified":"2026-08-31T09:40:12","modified_gmt":"2026-08-31T12:40:12","slug":"anses-oficializo-el-pago-del-bono-extraordinario-de-hasta-70-000-para-jubilados-y-pensionados-en-septiembre","status":"publish","type":"post","link":"https:\/\/infovera.com.ar\/web\/2026\/08\/31\/anses-oficializo-el-pago-del-bono-extraordinario-de-hasta-70-000-para-jubilados-y-pensionados-en-septiembre\/","title":{"rendered":"ANSES oficializ\u00f3 el pago del bono extraordinario de hasta $70.000 para jubilados y pensionados en septiembre"},"content":{"rendered":"<p><strong>El Gobierno nacional oficializ\u00f3 este lunes el pago de un bono extraordinario de hasta $70.000 para jubilados, pensionados y beneficiarios de la ANSES que se abonar\u00e1 durante septiembre de 2026. La medida, publicada en el Bolet\u00edn Oficial mediante el Decreto 824\/2026, establece un esquema diferenciado por el cual quienes perciban el haber m\u00ednimo recibir\u00e1n el refuerzo completo, mientras que aquellos con ingresos superiores cobrar\u00e1n un monto proporcional hasta alcanzar un tope determinado.<\/strong><\/p>\n<p>El Gobierno nacional oficializ\u00f3 este lunes el pago de un nuevo bono extraordinario destinado a jubilados, pensionados y otros beneficiarios de la Administraci\u00f3n Nacional de la Seguridad Social (ANSES). La medida, instrumentada a trav\u00e9s del Decreto 824\/2026 publicado en el Bolet\u00edn Oficial, establece un refuerzo de hasta $ 70.000 correspondiente al mensual de septiembre de 2026.<\/p>\n<p>La principal inc\u00f3gnita entre los beneficiarios radica en si la totalidad de los sectores alcanzados percibir\u00e1 el monto m\u00e1ximo de $ 70.000. La normativa establece un esquema diferenciado: quienes perciban un ingreso igual o inferior al haber m\u00ednimo previsional recibir\u00e1n el bono completo, en tanto que aquellos cuyos haberes superen ese umbral obtendr\u00e1n un importe proporcional, calculado de modo que la suma total alcance un tope determinado.<\/p>\n<p><strong>Qui\u00e9nes est\u00e1n alcanzados por el refuerzo previsional<\/strong><\/p>\n<p>De acuerdo con el Decreto 824\/2026, el pago extraordinario ser\u00e1 liquidado por titular y abarcar\u00e1 a diversos grupos que perciben prestaciones a trav\u00e9s de la ANSES. Entre ellos se encuentran los titulares de prestaciones contributivas bajo el r\u00e9gimen de la Ley 24.241, as\u00ed como beneficiarios de sistemas previsionales anteriores y de reg\u00edmenes cuya movilidad est\u00e9 comprendida en la norma.<\/p>\n<p>Asimismo, la medida incluye a los receptores de beneficios del Decreto 160\/05, a los titulares de la Pensi\u00f3n Universal para el Adulto Mayor (PUAM) y a los beneficiarios de pensiones no contributivas por vejez, invalidez, madres de siete hijos o m\u00e1s, adem\u00e1s de otras pensiones graciables gestionadas por el organismo previsional.<\/p>\n<p><strong>El esquema de cobro y los haberes superiores a la m\u00ednima<\/strong><\/p>\n<p>Uno de los ejes centrales de la disposici\u00f3n es la diferenciaci\u00f3n seg\u00fan el nivel de ingresos. Para quienes perciben un monto menor o igual al haber m\u00ednimo previsional garantizado, el refuerzo ser\u00e1 de $ 70.000 exactos.<\/p>\n<p>Por el contrario, para aquellos con haberes superiores al m\u00ednimo, el Gobierno nacional dispuso que el adicional equivaldr\u00e1 al monto necesario para que la sumatoria del ingreso habitual y el refuerzo alcance el tope estipulado. De este modo, la norma opera como un mecanismo de contenci\u00f3n orientado a los sectores con ingresos previsionales m\u00e1s deprimidos, estableciendo que a mayor haber previsional, menor ser\u00e1 el importe del bono.<\/p>\n<p><strong>Criterios t\u00e9cnicos y condiciones de liquidaci\u00f3n<\/strong><\/p>\n<p>El texto oficial especifica que el beneficio tiene car\u00e1cter no remunerativo, se encuentra exento de descuentos y no resulta computable para ning\u00fan otro concepto. En el caso de las pensiones con m\u00faltiples copart\u00edcipes, la normativa estipula que todos ser\u00e1n considerados como un \u00fanico titular a los efectos de la liquidaci\u00f3n.<\/p>\n<p>En los fundamentos de la medida, el Poder Ejecutivo argument\u00f3 que el objetivo central es sostener el poder adquisitivo de los adultos mayores y compensar el impacto de los cambios en el sistema de movilidad. La norma recuerda que desde julio de 2024 los haberes se actualizan mensualmente seg\u00fan las variaciones del \u00cdndice de Precios al Consumidor (IPC) elaborado por el INDEC, esquema al cual se suma esta asistencia financiera excepcional para septiembre de 2026.<\/p>\n<p>&nbsp;<\/p>\n","protected":false},"excerpt":{"rendered":"<p>El Gobierno nacional oficializ\u00f3 este lunes el pago de un bono extraordinario de hasta $70.000 para jubilados, pensionados y beneficiarios de la ANSES que se abonar\u00e1 durante septiembre de 2026. La medida, publicada en el Bolet\u00edn Oficial mediante el Decreto 824\/2026, establece un esquema diferenciado por el cual quienes perciban el haber m\u00ednimo recibir\u00e1n el [&hellip;]<\/p>\n","protected":false},"author":3,"featured_media":57502,"comment_status":"open","ping_status":"open","sticky":false,"template":"","format":"standard","meta":{"_joinchat":[],"footnotes":""},"categories":[62],"tags":[],"class_list":["post-74653","post","type-post","status-publish","format-standard","has-post-thumbnail","category-nacionales"],"_links":{"self":[{"href":"https:\/\/infovera.com.ar\/web\/wp-json\/wp\/v2\/posts\/74653","targetHints":{"allow":["GET"]}}],"collection":[{"href":"https:\/\/infovera.com.ar\/web\/wp-json\/wp\/v2\/posts"}],"about":[{"href":"https:\/\/infovera.com.ar\/web\/wp-json\/wp\/v2\/types\/post"}],"author":[{"embeddable":true,"href":"https:\/\/infovera.com.ar\/web\/wp-json\/wp\/v2\/users\/3"}],"replies":[{"embeddable":true,"href":"https:\/\/infovera.com.ar\/web\/wp-json\/wp\/v2\/comments?post=74653"}],"version-history":[{"count":1,"href":"https:\/\/infovera.com.ar\/web\/wp-json\/wp\/v2\/posts\/74653\/revisions"}],"predecessor-version":[{"id":74654,"href":"https:\/\/infovera.com.ar\/web\/wp-json\/wp\/v2\/posts\/74653\/revisions\/74654"}],"wp:featuredmedia":[{"embeddable":true,"href":"https:\/\/infovera.com.ar\/web\/wp-json\/wp\/v2\/media\/57502"}],"wp:attachment":[{"href":"https:\/\/infovera.com.ar\/web\/wp-json\/wp\/v2\/media?parent=74653"}],"wp:term":[{"taxonomy":"category","embeddable":true,"href":"https:\/\/infovera.com.ar\/web\/wp-json\/wp\/v2\/categories?post=74653"},{"taxonomy":"post_tag","embeddable":true,"href":"https:\/\/infovera.com.ar\/web\/wp-json\/wp\/v2\/tags?post=74653"}],"curies":[{"name":"wp","href":"https:\/\/api.w.org\/{rel}","templated":true}]}}