{"id":74650,"date":"2026-08-31T09:32:34","date_gmt":"2026-08-31T12:32:34","guid":{"rendered":"https:\/\/infovera.com.ar\/web\/?p=74650"},"modified":"2026-08-31T09:32:34","modified_gmt":"2026-08-31T12:32:34","slug":"iban-al-acto-central-por-su-dia-policias-de-san-javier-chocaron-un-motociclista-en-la-ruta-1","status":"publish","type":"post","link":"https:\/\/infovera.com.ar\/web\/2026\/08\/31\/iban-al-acto-central-por-su-dia-policias-de-san-javier-chocaron-un-motociclista-en-la-ruta-1\/","title":{"rendered":"Iban al acto central por su d\u00eda: polic\u00edas de San Javier chocaron un motociclista en la Ruta 1"},"content":{"rendered":"<p class=\"PDq2pG_selectionAnchorContainer\" data-start=\"454\" data-end=\"650\"><strong>Un grave accidente de tr\u00e1nsito se registr\u00f3 durante la ma\u00f1ana de este lunes en la Ruta Provincial N.\u00ba 1, a la altura del kil\u00f3metro 92,5, en jurisdicci\u00f3n de Paraje El Laurel, departamento Garay.<\/strong><\/p>\n<p data-start=\"652\" data-end=\"950\">De acuerdo con informaci\u00f3n policial preliminar, estuvo involucrado el <strong data-start=\"722\" data-end=\"745\">m\u00f3vil policial 9429<\/strong>, conducido por el inspector Cristian Cejas, quien viajaba acompa\u00f1ado por personal de la Unidad Regional XIV para participar del acto por el <strong data-start=\"886\" data-end=\"949\">162.\u00ba aniversario de la Polic\u00eda de la Provincia de Santa Fe<\/strong>.<\/p>\n<p data-start=\"952\" data-end=\"1165\">Por causas que se investigan, el veh\u00edculo policial <strong data-start=\"1003\" data-end=\"1036\">colision\u00f3 con una motocicleta<\/strong> que circulaba por la ruta. Tras el impacto, la unidad policial habr\u00eda volcado y sus ocupantes sufrieron distintas escoriaciones.<\/p>\n<p data-start=\"1167\" data-end=\"1482\">En una comunicaci\u00f3n posterior realizada desde el lugar se inform\u00f3 que la colisi\u00f3n habr\u00eda sido frontal y se solicit\u00f3 la presencia urgente de una unidad sanitaria. En ese mismo reporte se indic\u00f3 que <strong data-start=\"1364\" data-end=\"1436\">el conductor de la motocicleta se encontrar\u00eda aparentemente sin vida<\/strong>, dato que deber\u00e1 ser confirmado oficialmente.<\/p>\n<p data-start=\"1484\" data-end=\"1601\">El tr\u00e1nsito permanec\u00eda interrumpido en el sector mientras trabajaban los servicios de emergencia y personal policial.<\/p>\n","protected":false},"excerpt":{"rendered":"<p>Un grave accidente de tr\u00e1nsito se registr\u00f3 durante la ma\u00f1ana de este lunes en la Ruta Provincial N.\u00ba 1, a la altura del kil\u00f3metro 92,5, en jurisdicci\u00f3n de Paraje El Laurel, departamento Garay. De acuerdo con informaci\u00f3n policial preliminar, estuvo involucrado el m\u00f3vil policial 9429, conducido por el inspector Cristian Cejas, quien viajaba acompa\u00f1ado por [&hellip;]<\/p>\n","protected":false},"author":3,"featured_media":74651,"comment_status":"open","ping_status":"open","sticky":false,"template":"","format":"standard","meta":{"_joinchat":[],"footnotes":""},"categories":[56],"tags":[],"class_list":["post-74650","post","type-post","status-publish","format-standard","has-post-thumbnail","category-destacados"],"_links":{"self":[{"href":"https:\/\/infovera.com.ar\/web\/wp-json\/wp\/v2\/posts\/74650","targetHints":{"allow":["GET"]}}],"collection":[{"href":"https:\/\/infovera.com.ar\/web\/wp-json\/wp\/v2\/posts"}],"about":[{"href":"https:\/\/infovera.com.ar\/web\/wp-json\/wp\/v2\/types\/post"}],"author":[{"embeddable":true,"href":"https:\/\/infovera.com.ar\/web\/wp-json\/wp\/v2\/users\/3"}],"replies":[{"embeddable":true,"href":"https:\/\/infovera.com.ar\/web\/wp-json\/wp\/v2\/comments?post=74650"}],"version-history":[{"count":1,"href":"https:\/\/infovera.com.ar\/web\/wp-json\/wp\/v2\/posts\/74650\/revisions"}],"predecessor-version":[{"id":74652,"href":"https:\/\/infovera.com.ar\/web\/wp-json\/wp\/v2\/posts\/74650\/revisions\/74652"}],"wp:featuredmedia":[{"embeddable":true,"href":"https:\/\/infovera.com.ar\/web\/wp-json\/wp\/v2\/media\/74651"}],"wp:attachment":[{"href":"https:\/\/infovera.com.ar\/web\/wp-json\/wp\/v2\/media?parent=74650"}],"wp:term":[{"taxonomy":"category","embeddable":true,"href":"https:\/\/infovera.com.ar\/web\/wp-json\/wp\/v2\/categories?post=74650"},{"taxonomy":"post_tag","embeddable":true,"href":"https:\/\/infovera.com.ar\/web\/wp-json\/wp\/v2\/tags?post=74650"}],"curies":[{"name":"wp","href":"https:\/\/api.w.org\/{rel}","templated":true}]}}