{"id":71718,"date":"2026-05-01T09:37:25","date_gmt":"2026-05-01T12:37:25","guid":{"rendered":"https:\/\/infovera.com.ar\/web\/?p=71718"},"modified":"2026-05-01T09:37:25","modified_gmt":"2026-05-01T12:37:25","slug":"con-un-pronostico-de-nino-para-la-provincia-en-apenas-4-meses-llovio-mas-de-lo-que-suele-precipitar-durante-un-ano-normal","status":"publish","type":"post","link":"https:\/\/infovera.com.ar\/web\/2026\/05\/01\/con-un-pronostico-de-nino-para-la-provincia-en-apenas-4-meses-llovio-mas-de-lo-que-suele-precipitar-durante-un-ano-normal\/","title":{"rendered":"Con un pron\u00f3stico de Ni\u00f1o para la provincia, en apenas 4 meses llovi\u00f3 m\u00e1s de lo que suele precipitar durante un a\u00f1o normal"},"content":{"rendered":"<p><strong>En gran parte del territorio provincial se registraron valores por encima de la media anual de 900 mm, superando incluso los 1.100 mm de lluvia acumulada. El Gobierno Provincial contin\u00faa desarrollando obras fundamentales y tareas de mantenimiento para mitigar el riesgo h\u00eddrico. Adem\u00e1s de fortalecer las defensas, el objetivo es aumentar la celeridad del escurrimiento.<\/strong><\/p>\n<p>Tras las intensas lluvias registradas en abril, la Provincia inform\u00f3 que en muchas localidades santafesinas ya se registran valores acumulados de precipitaciones que superan la media anual, afectando principalmente a departamentos como Vera, San Justo, 9 de Julio y General Obligado, y tambi\u00e9n en el sur provincial.<\/p>\n<p>En este sentido, desde la Secretar\u00eda de Recursos H\u00eddricos, a partir del trabajo de los equipos t\u00e9cnicos de la Coordinaci\u00f3n de Prevenci\u00f3n H\u00eddrica, inform\u00f3 que en localidades como Vera y Pintado, Gobernador Crespo y Villa Minetti, se registraron valores de precipitaciones superiores a los 1.100 mm acumulados. Mientras que, en Colonia Teresa, Alejandra y Correa; los valores midieron por encima de los 950 mm. Localidades como Constanza y San Javier, presentaron acumulados que ya alcanzaron los 900 mm.<\/p>\n<p>Es decir que, en menos de cuatro meses, se registraron sectores con acumulados que superan los 1.100 mil\u00edmetros cuando la media anual ronda los 900 mil\u00edmetros. A este escenario se suman eventos de lluvia intensa, con registros de hasta 300 mm. en pocas horas que generan saturaci\u00f3n de suelos y dificultan el escurrimiento de los excedentes h\u00eddricos, como sucedi\u00f3 en los casos de Reconquista y Villa Minetti.<\/p>\n<p>Al respecto, el secretario de Recursos H\u00eddricos, Nicol\u00e1s Mijich, remarc\u00f3 que \u201cen cuatro meses llovi\u00f3 m\u00e1s de lo que habitualmente precipita en todo un a\u00f1o, lo que, sumado a la intensidad de algunos eventos dificulta el normal escurrimiento del agua y, en algunos casos, supera la capacidad de drenaje de las obras\u201d.<\/p>\n<p><strong>Obras fundamentales para mitigar el riesgo h\u00eddrico<\/strong><\/p>\n<p>En el marco de las 100 localidades con mayor riesgo h\u00eddrico, la Provincia avanza con obras e intervenciones en 70 de las localidades m\u00e1s vulnerables y nuevos proyectos en las 30 restantes.<\/p>\n<p>Adem\u00e1s, con el objetivo de mitigar el riesgo h\u00eddrico y aumentar la seguridad en los cascos urbanos, a trav\u00e9s de una inversi\u00f3n que supera los 1.000 millones de pesos, el Gobierno Provincial realiza obras de protecci\u00f3n en las localidades que sufrieron inundaciones durante 2025, como Vera, Malabrigo, Sanford, Ca\u00f1adas Rosqu\u00edn, Teodelina, Mar\u00eda Teresa, Christophersen, Godeken y La Chispa.<\/p>\n<p>Desde el inicio de la gesti\u00f3n, la Provincia recuper\u00f3 el funcionamiento de 35 estaciones telem\u00e9tricas y se ejecutaron m\u00e1s de 260 obras h\u00eddricas. Del mismo modo, se intensificaron las tareas de limpieza y reacondicionamiento del sistema de canalizaciones, superando los 3.000 kil\u00f3metros intervenidos en articulaci\u00f3n con comit\u00e9s de cuenca, municipios y comunas.<\/p>\n<p>\u201cJunto a la Secretar\u00eda de Protecci\u00f3n Civil y Gesti\u00f3n de Riesgos, durante 2025 trabajamos en las 100 localidades con mayor riesgo h\u00eddrico con el objetivo de capacitar y brindar herramientas a intendentes y presidentes comunales para la implementaci\u00f3n de protocolos de emergencia\u201d, agreg\u00f3 Mijich.<\/p>\n<p>Actualmente, la Secretar\u00eda de Recursos H\u00eddricos intensific\u00f3 las tareas de monitoreo y mediciones de los r\u00edos y arroyos, desde comienzos de marzo, con el fin de anticiparse a posibles situaciones de riesgo h\u00eddrico. A su vez, avanza con la planificaci\u00f3n y ejecuci\u00f3n de limpieza de canales troncales en toda la provincia para potenciar la capacidad hidr\u00e1ulica del sistema.<\/p>\n<p>El Gobierno de la Provincia, encabezado por Maximiliano Pullaro, sostiene como eje de gesti\u00f3n el desarrollo de pol\u00edticas e infraestructura h\u00eddrica que protejan a la poblaci\u00f3n y fortalezcan la resiliencia del sistema productivo frente a eventos clim\u00e1ticos extremos.<\/p>\n<p><a href=\"https:\/\/infovera.com.ar\/web\/wp-content\/uploads\/2026\/05\/WhatsApp-Image-2026-05-01-at-9.05.20-AM.jpeg\"><img loading=\"lazy\" decoding=\"async\" class=\"alignleft size-full wp-image-71719\" src=\"https:\/\/infovera.com.ar\/web\/wp-content\/uploads\/2026\/05\/WhatsApp-Image-2026-05-01-at-9.05.20-AM.jpeg\" alt=\"\" width=\"1600\" height=\"901\" srcset=\"https:\/\/infovera.com.ar\/web\/wp-content\/uploads\/2026\/05\/WhatsApp-Image-2026-05-01-at-9.05.20-AM.jpeg 1600w, https:\/\/infovera.com.ar\/web\/wp-content\/uploads\/2026\/05\/WhatsApp-Image-2026-05-01-at-9.05.20-AM-746x420.jpeg 746w, https:\/\/infovera.com.ar\/web\/wp-content\/uploads\/2026\/05\/WhatsApp-Image-2026-05-01-at-9.05.20-AM-696x392.jpeg 696w, https:\/\/infovera.com.ar\/web\/wp-content\/uploads\/2026\/05\/WhatsApp-Image-2026-05-01-at-9.05.20-AM-1068x601.jpeg 1068w\" sizes=\"auto, (max-width: 1600px) 100vw, 1600px\" \/><\/a><\/p>\n","protected":false},"excerpt":{"rendered":"<p>En gran parte del territorio provincial se registraron valores por encima de la media anual de 900 mm, superando incluso los 1.100 mm de lluvia acumulada. El Gobierno Provincial contin\u00faa desarrollando obras fundamentales y tareas de mantenimiento para mitigar el riesgo h\u00eddrico. Adem\u00e1s de fortalecer las defensas, el objetivo es aumentar la celeridad del escurrimiento. [&hellip;]<\/p>\n","protected":false},"author":3,"featured_media":71720,"comment_status":"open","ping_status":"open","sticky":false,"template":"","format":"standard","meta":{"_joinchat":[],"footnotes":""},"categories":[56],"tags":[],"class_list":{"0":"post-71718","1":"post","2":"type-post","3":"status-publish","4":"format-standard","5":"has-post-thumbnail","7":"category-destacados"},"_links":{"self":[{"href":"https:\/\/infovera.com.ar\/web\/wp-json\/wp\/v2\/posts\/71718","targetHints":{"allow":["GET"]}}],"collection":[{"href":"https:\/\/infovera.com.ar\/web\/wp-json\/wp\/v2\/posts"}],"about":[{"href":"https:\/\/infovera.com.ar\/web\/wp-json\/wp\/v2\/types\/post"}],"author":[{"embeddable":true,"href":"https:\/\/infovera.com.ar\/web\/wp-json\/wp\/v2\/users\/3"}],"replies":[{"embeddable":true,"href":"https:\/\/infovera.com.ar\/web\/wp-json\/wp\/v2\/comments?post=71718"}],"version-history":[{"count":1,"href":"https:\/\/infovera.com.ar\/web\/wp-json\/wp\/v2\/posts\/71718\/revisions"}],"predecessor-version":[{"id":71721,"href":"https:\/\/infovera.com.ar\/web\/wp-json\/wp\/v2\/posts\/71718\/revisions\/71721"}],"wp:featuredmedia":[{"embeddable":true,"href":"https:\/\/infovera.com.ar\/web\/wp-json\/wp\/v2\/media\/71720"}],"wp:attachment":[{"href":"https:\/\/infovera.com.ar\/web\/wp-json\/wp\/v2\/media?parent=71718"}],"wp:term":[{"taxonomy":"category","embeddable":true,"href":"https:\/\/infovera.com.ar\/web\/wp-json\/wp\/v2\/categories?post=71718"},{"taxonomy":"post_tag","embeddable":true,"href":"https:\/\/infovera.com.ar\/web\/wp-json\/wp\/v2\/tags?post=71718"}],"curies":[{"name":"wp","href":"https:\/\/api.w.org\/{rel}","templated":true}]}}