{"id":71715,"date":"2026-04-30T18:09:12","date_gmt":"2026-04-30T21:09:12","guid":{"rendered":"https:\/\/infovera.com.ar\/web\/?p=71715"},"modified":"2026-04-30T18:09:12","modified_gmt":"2026-04-30T21:09:12","slug":"el-gobierno-nacional-asistira-a-los-santafesinos-por-las-inundaciones","status":"publish","type":"post","link":"https:\/\/infovera.com.ar\/web\/2026\/04\/30\/el-gobierno-nacional-asistira-a-los-santafesinos-por-las-inundaciones\/","title":{"rendered":"El gobierno nacional asistir\u00e1 a los santafesinos por las inundaciones"},"content":{"rendered":"<div class=\"custom-text text-content styles_paragraph-detail__ihDsk styles_lila-links__X7FER styles_note-styles__5TKFd\">\n<p>El gobierno nacional de\u00a0<strong>Javier Milei<\/strong>, ante las inundaciones en el norte santafesino, acompa\u00f1ar\u00e1 a los ciudadanos con asistencia para reparar caminos e infraestructura, tambi\u00e9n reforzar\u00e1 un acuerdo clave para fortalecer la caja de jubilaciones de Santa Fe.<\/p>\n<\/div>\n<div class=\"custom-text text-content styles_paragraph-detail__ihDsk styles_lila-links__X7FER styles_note-styles__5TKFd\">\n<p>&#8220;Durante a\u00f1os Santa Fe fue ignorada por gobiernos de todos los colores. Hoy, en el gobierno de Javier Milei, las respuestas llegan con gesti\u00f3n&#8221;, sostuvo la legisladora de La Libertad Avanza,\u00a0<strong>Romina Diez<\/strong>.<\/p>\n<\/div>\n<div class=\"custom-text text-content styles_paragraph-detail__ihDsk styles_lila-links__X7FER styles_note-styles__5TKFd\">\n<p>Ante la pronta respuesta del gobierno debido a la situaci\u00f3n que se vive en el norte provincial, la presidenta del partido en Santa Fe afirm\u00f3: &#8220;Gesti\u00f3n mata relato&#8221;.<\/p>\n<div class=\"custom-text text-content styles_paragraph-detail__ihDsk styles_lila-links__X7FER styles_note-styles__5TKFd\">\n<p>Para terminar, Romina Diez, resalt\u00f3: \u201cSeguimos dando soluciones y orden en las cuentas p\u00fablicas\u201d.<\/p>\n<\/div>\n<div class=\"custom-text text-content styles_paragraph-detail__ihDsk styles_lila-links__X7FER styles_note-styles__5TKFd\">\n<h2><strong>La situaci\u00f3n en el norte<\/strong><\/h2>\n<\/div>\n<div class=\"custom-text text-content styles_paragraph-detail__ihDsk styles_lila-links__X7FER styles_note-styles__5TKFd\">\n<p>Uno de los \u00faltimos reportes de la semana pasada la situaci\u00f3n clim\u00e1tica en el norte de la\u00a0<strong>provincia de Santa Fe<\/strong>\u00a0indica que alcanz\u00f3 niveles cr\u00edticos tras registros de lluvia que superaron los 200 mil\u00edmetros.<\/p>\n<div class=\"custom-text text-content styles_paragraph-detail__ihDsk styles_lila-links__X7FER styles_note-styles__5TKFd\">\n<p>Localidades como Villa Minetti enfrentaron graves da\u00f1os que afectan tanto a los cascos urbanos como a la zona productiva.<\/p>\n<\/div>\n<div class=\"custom-text text-content styles_paragraph-detail__ihDsk styles_lila-links__X7FER styles_note-styles__5TKFd\">\n<p>En di\u00e1logo con CyD Litoral, Ricardo Argenti, presidente de la Sociedad Rural de Santa Fe, describi\u00f3 un panorama complejo para el sector agropecuario. &#8220;Independientemente del desastre en las poblaciones, hay m\u00e1s de 700.000 cabezas de ganado complicadas; hay que evacuarlas a zonas m\u00e1s altas y el traslado es muy dif\u00edcil porque debe hacerse por arreo en medio de campos anegados&#8221;, explic\u00f3.<\/p>\n<\/div>\n<\/div>\n<\/div>\n","protected":false},"excerpt":{"rendered":"<p>El gobierno nacional de\u00a0Javier Milei, ante las inundaciones en el norte santafesino, acompa\u00f1ar\u00e1 a los ciudadanos con asistencia para reparar caminos e infraestructura, tambi\u00e9n reforzar\u00e1 un acuerdo clave para fortalecer la caja de jubilaciones de Santa Fe. &#8220;Durante a\u00f1os Santa Fe fue ignorada por gobiernos de todos los colores. Hoy, en el gobierno de Javier [&hellip;]<\/p>\n","protected":false},"author":3,"featured_media":71716,"comment_status":"open","ping_status":"open","sticky":false,"template":"","format":"standard","meta":{"_joinchat":[],"footnotes":""},"categories":[61],"tags":[],"class_list":{"0":"post-71715","1":"post","2":"type-post","3":"status-publish","4":"format-standard","5":"has-post-thumbnail","7":"category-regionales"},"_links":{"self":[{"href":"https:\/\/infovera.com.ar\/web\/wp-json\/wp\/v2\/posts\/71715","targetHints":{"allow":["GET"]}}],"collection":[{"href":"https:\/\/infovera.com.ar\/web\/wp-json\/wp\/v2\/posts"}],"about":[{"href":"https:\/\/infovera.com.ar\/web\/wp-json\/wp\/v2\/types\/post"}],"author":[{"embeddable":true,"href":"https:\/\/infovera.com.ar\/web\/wp-json\/wp\/v2\/users\/3"}],"replies":[{"embeddable":true,"href":"https:\/\/infovera.com.ar\/web\/wp-json\/wp\/v2\/comments?post=71715"}],"version-history":[{"count":1,"href":"https:\/\/infovera.com.ar\/web\/wp-json\/wp\/v2\/posts\/71715\/revisions"}],"predecessor-version":[{"id":71717,"href":"https:\/\/infovera.com.ar\/web\/wp-json\/wp\/v2\/posts\/71715\/revisions\/71717"}],"wp:featuredmedia":[{"embeddable":true,"href":"https:\/\/infovera.com.ar\/web\/wp-json\/wp\/v2\/media\/71716"}],"wp:attachment":[{"href":"https:\/\/infovera.com.ar\/web\/wp-json\/wp\/v2\/media?parent=71715"}],"wp:term":[{"taxonomy":"category","embeddable":true,"href":"https:\/\/infovera.com.ar\/web\/wp-json\/wp\/v2\/categories?post=71715"},{"taxonomy":"post_tag","embeddable":true,"href":"https:\/\/infovera.com.ar\/web\/wp-json\/wp\/v2\/tags?post=71715"}],"curies":[{"name":"wp","href":"https:\/\/api.w.org\/{rel}","templated":true}]}}