{"id":71712,"date":"2026-04-30T14:54:35","date_gmt":"2026-04-30T17:54:35","guid":{"rendered":"https:\/\/infovera.com.ar\/web\/?p=71712"},"modified":"2026-04-30T14:54:35","modified_gmt":"2026-04-30T17:54:35","slug":"las-orquideas-negras-fue-declarado-de-interes-cultural","status":"publish","type":"post","link":"https:\/\/infovera.com.ar\/web\/2026\/04\/30\/las-orquideas-negras-fue-declarado-de-interes-cultural\/","title":{"rendered":"\u201cLas Orqu\u00eddeas Negras\u201d fue declarado de Inter\u00e9s Cultural"},"content":{"rendered":"<p><strong>El Honorable Concejo Municipal de la Ciudad de Vera declar\u00f3 de Inter\u00e9s Cultural la obra literaria del escritor verense Sixto Gonz\u00e1lez, por considerarla un valioso aporte al acervo cultural local y regional.<\/strong><\/p>\n<p>El proyecto presentado por el concejal Javier Barbona fue aprobado entre otros puntos a tratar en sesi\u00f3n ordinaria celebrada el 28 de abril pr\u00f3ximo pasado en el recinto del \u00f3rgano legislativo.<\/p>\n","protected":false},"excerpt":{"rendered":"<p>El Honorable Concejo Municipal de la Ciudad de Vera declar\u00f3 de Inter\u00e9s Cultural la obra literaria del escritor verense Sixto Gonz\u00e1lez, por considerarla un valioso aporte al acervo cultural local y regional. El proyecto presentado por el concejal Javier Barbona fue aprobado entre otros puntos a tratar en sesi\u00f3n ordinaria celebrada el 28 de abril [&hellip;]<\/p>\n","protected":false},"author":3,"featured_media":71713,"comment_status":"open","ping_status":"open","sticky":false,"template":"","format":"standard","meta":{"_joinchat":[],"footnotes":""},"categories":[40,53],"tags":[],"class_list":{"0":"post-71712","1":"post","2":"type-post","3":"status-publish","4":"format-standard","5":"has-post-thumbnail","7":"category-cultura","8":"category-vera"},"_links":{"self":[{"href":"https:\/\/infovera.com.ar\/web\/wp-json\/wp\/v2\/posts\/71712","targetHints":{"allow":["GET"]}}],"collection":[{"href":"https:\/\/infovera.com.ar\/web\/wp-json\/wp\/v2\/posts"}],"about":[{"href":"https:\/\/infovera.com.ar\/web\/wp-json\/wp\/v2\/types\/post"}],"author":[{"embeddable":true,"href":"https:\/\/infovera.com.ar\/web\/wp-json\/wp\/v2\/users\/3"}],"replies":[{"embeddable":true,"href":"https:\/\/infovera.com.ar\/web\/wp-json\/wp\/v2\/comments?post=71712"}],"version-history":[{"count":1,"href":"https:\/\/infovera.com.ar\/web\/wp-json\/wp\/v2\/posts\/71712\/revisions"}],"predecessor-version":[{"id":71714,"href":"https:\/\/infovera.com.ar\/web\/wp-json\/wp\/v2\/posts\/71712\/revisions\/71714"}],"wp:featuredmedia":[{"embeddable":true,"href":"https:\/\/infovera.com.ar\/web\/wp-json\/wp\/v2\/media\/71713"}],"wp:attachment":[{"href":"https:\/\/infovera.com.ar\/web\/wp-json\/wp\/v2\/media?parent=71712"}],"wp:term":[{"taxonomy":"category","embeddable":true,"href":"https:\/\/infovera.com.ar\/web\/wp-json\/wp\/v2\/categories?post=71712"},{"taxonomy":"post_tag","embeddable":true,"href":"https:\/\/infovera.com.ar\/web\/wp-json\/wp\/v2\/tags?post=71712"}],"curies":[{"name":"wp","href":"https:\/\/api.w.org\/{rel}","templated":true}]}}