{"id":71702,"date":"2026-04-29T16:04:08","date_gmt":"2026-04-29T19:04:08","guid":{"rendered":"https:\/\/infovera.com.ar\/web\/?p=71702"},"modified":"2026-04-29T17:10:56","modified_gmt":"2026-04-29T20:10:56","slug":"orono-tras-el-fallo-del-jury-martelossi-no-era-merecedor-de-una-sancion-tan-dura-como-la-destitucion","status":"publish","type":"post","link":"https:\/\/infovera.com.ar\/web\/2026\/04\/29\/orono-tras-el-fallo-del-jury-martelossi-no-era-merecedor-de-una-sancion-tan-dura-como-la-destitucion\/","title":{"rendered":"Oro\u00f1o, tras el fallo del jury: \u201cMartelossi no era merecedor de una sanci\u00f3n tan dura como la destituci\u00f3n\u201d"},"content":{"rendered":"<p><strong>El abogado defensor del juez Mauricio Martelossi, Jorge Oro\u00f1o, se mostr\u00f3 conforme con la resoluci\u00f3n del Tribunal de Enjuiciamiento que rechaz\u00f3 la destituci\u00f3n del magistrado por seis votos contra cinco y sostuvo que se trat\u00f3 de \u201cun fallo justo\u201d.<\/strong><\/p>\n<p>\u201cTrabajamos con esta expectativa, aunque siempre existe incertidumbre en una causa judicial y m\u00e1s a\u00fan en un tribunal de enjuiciamiento donde evidentemente hay componentes pol\u00edticos\u201d, expres\u00f3 el letrado en di\u00e1logo radial tras conocerse la decisi\u00f3n.<\/p>\n<p><strong>C\u00f3mo se origin\u00f3 el jury<\/strong><\/p>\n<p>Oro\u00f1o record\u00f3 que el proceso comenz\u00f3 con una denuncia presentada por los ministros provinciales Fabi\u00e1n Bastia y Pablo Cococcioni, luego de un homicidio ocurrido en Reconquista cometido por una persona que hab\u00eda recuperado la libertad por resoluci\u00f3n de Martelossi.<\/p>\n<p>\u201cLa defensa pidi\u00f3 la libertad en audiencia preliminar y el doctor Martelossi resolvi\u00f3 otorgarla. Luego esa persona comete un hecho que termina con la muerte de un carnicero en Reconquista\u201d, explic\u00f3.<\/p>\n<p>A esa denuncia, se\u00f1al\u00f3, el Procurador General sum\u00f3 otros hechos vinculados a supuesta mora en la fundamentaci\u00f3n de fallos y revocaciones de resoluciones sobre prisiones preventivas.<\/p>\n<p><strong>La estrategia de la defensa<\/strong><\/p>\n<p>Seg\u00fan detall\u00f3 Oro\u00f1o, uno de los ejes principales fue demostrar que la mora atribuida representaba una m\u00ednima proporci\u00f3n de su desempe\u00f1o judicial.<\/p>\n<p>\u201cAcreditamos que intervino en m\u00e1s de 3.300 causas y hab\u00eda diez en las que se reprochaba mora en la fundamentaci\u00f3n, no en la resoluci\u00f3n\u201d, afirm\u00f3.<\/p>\n<p>Tambi\u00e9n remarc\u00f3 que los criterios sobre prisi\u00f3n preventiva son discutibles jur\u00eddicamente y cambiaron con el tiempo.<\/p>\n<p>\u201cNo hab\u00eda desconocimiento del derecho, sino valoraciones que en un n\u00famero \u00ednfimo de casos no fueron compartidas por el tribunal de alzada y fueron revocadas\u201d, indic\u00f3.<\/p>\n<p>Adem\u00e1s, destac\u00f3 que Martelossi nunca estuvo cuestionado por hechos de corrupci\u00f3n ni sospechas de ese tipo.<\/p>\n<p><strong>\u201cNo merec\u00eda la destituci\u00f3n\u201d<\/strong><\/p>\n<p>En su reflexi\u00f3n final, Oro\u00f1o insisti\u00f3 en que la sanci\u00f3n pretendida era desproporcionada.<\/p>\n<p>\u201cEl doctor Martelossi no era merecedor de una sanci\u00f3n tan dura como es la destituci\u00f3n\u201d, sostuvo.<\/p>\n<p>Y agreg\u00f3: \u201cLa mora que se le atribuye es explicable dentro de la realidad del sistema penal, donde jueces, fiscales y abogados muchas veces somos sobrepasados por la presencialidad de las audiencias y la gran cantidad de casos\u201d.<\/p>\n<p>Finalmente, cuantific\u00f3 esa demora en \u201cel 0,4% de los casos en los que intervino\u201d el magistrado.<\/p>\n","protected":false},"excerpt":{"rendered":"<p>El abogado defensor del juez Mauricio Martelossi, Jorge Oro\u00f1o, se mostr\u00f3 conforme con la resoluci\u00f3n del Tribunal de Enjuiciamiento que rechaz\u00f3 la destituci\u00f3n del magistrado por seis votos contra cinco y sostuvo que se trat\u00f3 de \u201cun fallo justo\u201d. \u201cTrabajamos con esta expectativa, aunque siempre existe incertidumbre en una causa judicial y m\u00e1s a\u00fan en [&hellip;]<\/p>\n","protected":false},"author":3,"featured_media":71703,"comment_status":"open","ping_status":"open","sticky":false,"template":"","format":"standard","meta":{"_joinchat":[],"footnotes":""},"categories":[56],"tags":[],"class_list":{"0":"post-71702","1":"post","2":"type-post","3":"status-publish","4":"format-standard","5":"has-post-thumbnail","7":"category-destacados"},"_links":{"self":[{"href":"https:\/\/infovera.com.ar\/web\/wp-json\/wp\/v2\/posts\/71702","targetHints":{"allow":["GET"]}}],"collection":[{"href":"https:\/\/infovera.com.ar\/web\/wp-json\/wp\/v2\/posts"}],"about":[{"href":"https:\/\/infovera.com.ar\/web\/wp-json\/wp\/v2\/types\/post"}],"author":[{"embeddable":true,"href":"https:\/\/infovera.com.ar\/web\/wp-json\/wp\/v2\/users\/3"}],"replies":[{"embeddable":true,"href":"https:\/\/infovera.com.ar\/web\/wp-json\/wp\/v2\/comments?post=71702"}],"version-history":[{"count":1,"href":"https:\/\/infovera.com.ar\/web\/wp-json\/wp\/v2\/posts\/71702\/revisions"}],"predecessor-version":[{"id":71704,"href":"https:\/\/infovera.com.ar\/web\/wp-json\/wp\/v2\/posts\/71702\/revisions\/71704"}],"wp:featuredmedia":[{"embeddable":true,"href":"https:\/\/infovera.com.ar\/web\/wp-json\/wp\/v2\/media\/71703"}],"wp:attachment":[{"href":"https:\/\/infovera.com.ar\/web\/wp-json\/wp\/v2\/media?parent=71702"}],"wp:term":[{"taxonomy":"category","embeddable":true,"href":"https:\/\/infovera.com.ar\/web\/wp-json\/wp\/v2\/categories?post=71702"},{"taxonomy":"post_tag","embeddable":true,"href":"https:\/\/infovera.com.ar\/web\/wp-json\/wp\/v2\/tags?post=71702"}],"curies":[{"name":"wp","href":"https:\/\/api.w.org\/{rel}","templated":true}]}}