{"id":71699,"date":"2026-04-29T17:02:31","date_gmt":"2026-04-29T20:02:31","guid":{"rendered":"https:\/\/infovera.com.ar\/web\/?p=71699"},"modified":"2026-04-29T17:02:31","modified_gmt":"2026-04-29T20:02:31","slug":"garabato-informo-como-se-encuentra-la-transitabilidad-en-caminos-rurales-y-accesos","status":"publish","type":"post","link":"https:\/\/infovera.com.ar\/web\/2026\/04\/29\/garabato-informo-como-se-encuentra-la-transitabilidad-en-caminos-rurales-y-accesos\/","title":{"rendered":"Garabato inform\u00f3 c\u00f3mo se encuentra la transitabilidad en caminos rurales y accesos"},"content":{"rendered":"<p><strong>La Comuna de Garabato brind\u00f3 un parte actualizado sobre el estado de los caminos de la zona, en medio de las complicaciones generadas por las lluvias y el traslado de hacienda.<\/strong><\/p>\n<p>Desde la administraci\u00f3n comunal se\u00f1alaron que se puede ingresar desde el kil\u00f3metro 320 al kil\u00f3metro 115 en camioneta, aunque solicitaron circular con extrema precauci\u00f3n, ya que contin\u00faan las tareas de traslado de animales en ese sector.<\/p>\n<p>Adem\u00e1s, indicaron que tambi\u00e9n se puede acceder al Paraje Kil\u00f3metro 109 desde Garabato, con distintas condiciones seg\u00fan el tramo:<\/p>\n<p>Garabato \u2013 Pozo de los Indios: presenta agua sobre la calzada a la salida de la localidad, pero pueden transitar veh\u00edculos livianos, camionetas y camiones sin carga.<br \/>\nPozo de los Indios \u2013 Km 109: habilitado \u00fanicamente para camionetas. No hay cortadas con agua sobre la ruta, aunque el camino se encuentra deteriorado.<br \/>\nKm 109 \u2013 Km 115: tramo intransitable por una cortada profunda.<br \/>\nDesde la Comuna reiteraron el pedido de circular con m\u00e1xima precauci\u00f3n, debido al mal estado de los caminos y al movimiento constante de animales en la zona.<\/p>\n","protected":false},"excerpt":{"rendered":"<p>La Comuna de Garabato brind\u00f3 un parte actualizado sobre el estado de los caminos de la zona, en medio de las complicaciones generadas por las lluvias y el traslado de hacienda. Desde la administraci\u00f3n comunal se\u00f1alaron que se puede ingresar desde el kil\u00f3metro 320 al kil\u00f3metro 115 en camioneta, aunque solicitaron circular con extrema precauci\u00f3n, [&hellip;]<\/p>\n","protected":false},"author":3,"featured_media":71700,"comment_status":"open","ping_status":"open","sticky":false,"template":"","format":"standard","meta":{"_joinchat":[],"footnotes":""},"categories":[56],"tags":[],"class_list":{"0":"post-71699","1":"post","2":"type-post","3":"status-publish","4":"format-standard","5":"has-post-thumbnail","7":"category-destacados"},"_links":{"self":[{"href":"https:\/\/infovera.com.ar\/web\/wp-json\/wp\/v2\/posts\/71699","targetHints":{"allow":["GET"]}}],"collection":[{"href":"https:\/\/infovera.com.ar\/web\/wp-json\/wp\/v2\/posts"}],"about":[{"href":"https:\/\/infovera.com.ar\/web\/wp-json\/wp\/v2\/types\/post"}],"author":[{"embeddable":true,"href":"https:\/\/infovera.com.ar\/web\/wp-json\/wp\/v2\/users\/3"}],"replies":[{"embeddable":true,"href":"https:\/\/infovera.com.ar\/web\/wp-json\/wp\/v2\/comments?post=71699"}],"version-history":[{"count":1,"href":"https:\/\/infovera.com.ar\/web\/wp-json\/wp\/v2\/posts\/71699\/revisions"}],"predecessor-version":[{"id":71701,"href":"https:\/\/infovera.com.ar\/web\/wp-json\/wp\/v2\/posts\/71699\/revisions\/71701"}],"wp:featuredmedia":[{"embeddable":true,"href":"https:\/\/infovera.com.ar\/web\/wp-json\/wp\/v2\/media\/71700"}],"wp:attachment":[{"href":"https:\/\/infovera.com.ar\/web\/wp-json\/wp\/v2\/media?parent=71699"}],"wp:term":[{"taxonomy":"category","embeddable":true,"href":"https:\/\/infovera.com.ar\/web\/wp-json\/wp\/v2\/categories?post=71699"},{"taxonomy":"post_tag","embeddable":true,"href":"https:\/\/infovera.com.ar\/web\/wp-json\/wp\/v2\/tags?post=71699"}],"curies":[{"name":"wp","href":"https:\/\/api.w.org\/{rel}","templated":true}]}}