{"id":71695,"date":"2026-04-29T16:56:46","date_gmt":"2026-04-29T19:56:46","guid":{"rendered":"https:\/\/infovera.com.ar\/web\/?p=71695"},"modified":"2026-04-29T16:56:46","modified_gmt":"2026-04-29T19:56:46","slug":"insolito-productores-cortaron-la-ruta-provincial-13-sin-autorizacion-y-desataron-una-fuerte-polemica-en-los-bajos-submeridionales","status":"publish","type":"post","link":"https:\/\/infovera.com.ar\/web\/2026\/04\/29\/insolito-productores-cortaron-la-ruta-provincial-13-sin-autorizacion-y-desataron-una-fuerte-polemica-en-los-bajos-submeridionales\/","title":{"rendered":"Ins\u00f3lito: productores cortaron la Ruta Provincial 13 sin autorizaci\u00f3n y desataron una fuerte pol\u00e9mica en los Bajos Submeridionales"},"content":{"rendered":"<p>Un hecho de extrema gravedad gener\u00f3 preocupaci\u00f3n y fuerte controversia en la regi\u00f3n de los Bajos Submeridionales, luego de que productores agropecuarios realizaran, sin autorizaci\u00f3n de la Direcci\u00f3n Provincial de Vialidad, un corte sobre la Ruta Provincial N\u00ba13 con el objetivo de acelerar el escurrimiento de aguas acumuladas en sus campos.<\/p>\n<p>La intervenci\u00f3n, ejecutada presuntamente con una retroexcavadora, provoc\u00f3 la rotura de la traza vial y abri\u00f3 un profundo canal que interrumpe totalmente el tr\u00e1nsito, afectando no solo la conectividad de la zona sino tambi\u00e9n poniendo en riesgo a productores ganaderos, pobladores rurales y familias asentadas a la vera del Canal Interlagos Sur, quienes podr\u00edan recibir la enorme masa de agua que ahora busca un nuevo cauce.<\/p>\n<p>La situaci\u00f3n fue calificada como \u201cins\u00f3lita\u201d por vecinos y autoridades, mientras crecen los cuestionamientos por una acci\u00f3n unilateral que, adem\u00e1s de alterar una ruta provincial, podr\u00eda derivar en consecuencias h\u00eddricas imprevisibles.<\/p>\n<p><strong>Vialidad neg\u00f3 haber autorizado el corte<\/strong><\/p>\n<p>Consultado sobre lo sucedido, el jefe de Vialidad Zona Norte con asiento en Vera, arquitecto Carlos Maggi, fue categ\u00f3rico al se\u00f1alar que no existi\u00f3 autorizaci\u00f3n alguna por parte del organismo para realizar semejante intervenci\u00f3n.<\/p>\n<p><em><strong>\u201cBajo ning\u00fan punto de vista Vialidad autoriz\u00f3 que se haga ese corte; todo lo contrario, nosotros estamos para garantizar la transitabilidad\u201d<\/strong><\/em>, sostuvo.<\/p>\n<p>Maggi confirm\u00f3 adem\u00e1s que algunos productores hab\u00edan planteado esa posibilidad tiempo atr\u00e1s, aunque aclar\u00f3 que la propuesta fue rechazada y que se les inform\u00f3 que una decisi\u00f3n de ese tipo deb\u00eda ser analizada, eventualmente, junto a Recursos H\u00eddricos y dentro de un esquema t\u00e9cnico e institucional.<\/p>\n<p>Las declaraciones del funcionario dejaron en claro que la obra fue ejecutada por fuera de cualquier procedimiento oficial.<\/p>\n<p><strong>\u201cIncurrieron en un grave delito\u201d<\/strong><\/p>\n<p>Las repercusiones escalaron a\u00fan m\u00e1s luego de las declaraciones del director provincial de Vialidad, ingeniero Pablo Seghezzo, quien advirti\u00f3 que no solo se trata de una acci\u00f3n irregular sino que podr\u00eda configurar un hecho de gravedad legal.<\/p>\n<p>Seg\u00fan manifest\u00f3 en FM Vida, quienes realizaron el corte\u00a0<em><strong>\u201cincurrieron en un grave delito\u201d<\/strong><\/em>, remarcando que ning\u00fan particular puede intervenir por cuenta propia sobre una ruta provincial.<\/p>\n<p>Desde el organismo entienden que, adem\u00e1s del da\u00f1o a infraestructura p\u00fablica, existe una alteraci\u00f3n riesgosa del sistema h\u00eddrico regional, con consecuencias que podr\u00edan afectar a terceros.<\/p>\n<p><strong>Productores perjudicados advierten por nuevas inundaciones<\/strong><\/p>\n<p>La preocupaci\u00f3n tambi\u00e9n lleg\u00f3 desde otros sectores productivos de la regi\u00f3n que, lejos de beneficiarse con la medida, podr\u00edan resultar seriamente mas afectados de lo que est\u00e1n.<\/p>\n<p>El productor de los Bajos Submeridionales, doctor Edgardo Senn, cuestion\u00f3 duramente la maniobra y advirti\u00f3 que podr\u00eda agravar la situaci\u00f3n de numerosos establecimientos rurales.<\/p>\n<p>Explic\u00f3 que en su campo el agua hab\u00eda comenzado a bajar, registr\u00e1ndose un descenso cercano a los siete cent\u00edmetros, pero que la apertura sobre la ruta podr\u00eda redireccionar una gran masa h\u00eddrica que volver\u00eda a inundar sectores que comenzaban a recuperarse.<\/p>\n<p><em><strong>\u201cA esta tenemos que pelearla todos juntos, no tratar de salvarse perjudicando al otro\u201d<\/strong><\/em>, expres\u00f3.<\/p>\n<p>Sus palabras reflejan el malestar de productores que consideran que la decisi\u00f3n fue tomada sin evaluar el impacto colectivo.<\/p>\n<p><strong>Riesgo para vecinos aislados y emergencias sanitarias<\/strong><\/p>\n<p>A la controversia productiva se sum\u00f3 el reclamo de vecinos rurales que advirtieron por una situaci\u00f3n a\u00fan m\u00e1s delicada: la interrupci\u00f3n total del paso puede complicar la llegada de alimentos, medicamentos e incluso impedir traslados por razones sanitarias.<\/p>\n<p>Habitantes de la zona remarcaron que, ante una emergencia m\u00e9dica o la necesidad de asistir a familias aisladas, el corte representa un obst\u00e1culo cr\u00edtico.<\/p>\n<p>En un territorio donde los caminos ya se encuentran severamente afectados por el exceso h\u00eddrico, la destrucci\u00f3n de un paso estrat\u00e9gico suma preocupaci\u00f3n en comunidades que dependen de esa v\u00eda para su vida cotidiana.<\/p>\n<p><strong>Un conflicto que expone la tensi\u00f3n por el manejo del agua<\/strong><\/p>\n<p>El episodio vuelve a poner sobre la mesa la hist\u00f3rica problem\u00e1tica del manejo h\u00eddrico en los Bajos Submeridionales, donde cada emergencia reaviva tensiones entre productores, organismos del Estado y pobladores rurales.<\/p>\n<p>Mientras algunos sectores buscan soluciones inmediatas para proteger sus campos, otros advierten que decisiones individuales pueden trasladar el problema aguas abajo y generar da\u00f1os mayores.<\/p>\n<p>Por estas horas crecen los pedidos para que Vialidad y Recursos H\u00eddricos intervengan con urgencia, eval\u00faen los da\u00f1os provocados y definan medidas para restablecer la transitabilidad y evitar nuevas complicaciones.<\/p>\n<p>Lo ocurrido en la Ruta Provincial 13 abri\u00f3 adem\u00e1s un fuerte debate sobre responsabilidades, posibles sanciones y el riesgo de que, en medio de la emergencia h\u00eddrica, decisiones por fuera de los canales institucionales terminen agravando una situaci\u00f3n ya cr\u00edtica.<\/p>\n<p>&nbsp;<\/p>\n<p>Fuente: FM Vida Fort\u00edn Olmos<\/p>\n","protected":false},"excerpt":{"rendered":"<p>Un hecho de extrema gravedad gener\u00f3 preocupaci\u00f3n y fuerte controversia en la regi\u00f3n de los Bajos Submeridionales, luego de que productores agropecuarios realizaran, sin autorizaci\u00f3n de la Direcci\u00f3n Provincial de Vialidad, un corte sobre la Ruta Provincial N\u00ba13 con el objetivo de acelerar el escurrimiento de aguas acumuladas en sus campos. La intervenci\u00f3n, ejecutada presuntamente [&hellip;]<\/p>\n","protected":false},"author":3,"featured_media":71697,"comment_status":"open","ping_status":"open","sticky":false,"template":"","format":"standard","meta":{"_joinchat":[],"footnotes":""},"categories":[61],"tags":[],"class_list":{"0":"post-71695","1":"post","2":"type-post","3":"status-publish","4":"format-standard","5":"has-post-thumbnail","7":"category-regionales"},"_links":{"self":[{"href":"https:\/\/infovera.com.ar\/web\/wp-json\/wp\/v2\/posts\/71695","targetHints":{"allow":["GET"]}}],"collection":[{"href":"https:\/\/infovera.com.ar\/web\/wp-json\/wp\/v2\/posts"}],"about":[{"href":"https:\/\/infovera.com.ar\/web\/wp-json\/wp\/v2\/types\/post"}],"author":[{"embeddable":true,"href":"https:\/\/infovera.com.ar\/web\/wp-json\/wp\/v2\/users\/3"}],"replies":[{"embeddable":true,"href":"https:\/\/infovera.com.ar\/web\/wp-json\/wp\/v2\/comments?post=71695"}],"version-history":[{"count":1,"href":"https:\/\/infovera.com.ar\/web\/wp-json\/wp\/v2\/posts\/71695\/revisions"}],"predecessor-version":[{"id":71698,"href":"https:\/\/infovera.com.ar\/web\/wp-json\/wp\/v2\/posts\/71695\/revisions\/71698"}],"wp:featuredmedia":[{"embeddable":true,"href":"https:\/\/infovera.com.ar\/web\/wp-json\/wp\/v2\/media\/71697"}],"wp:attachment":[{"href":"https:\/\/infovera.com.ar\/web\/wp-json\/wp\/v2\/media?parent=71695"}],"wp:term":[{"taxonomy":"category","embeddable":true,"href":"https:\/\/infovera.com.ar\/web\/wp-json\/wp\/v2\/categories?post=71695"},{"taxonomy":"post_tag","embeddable":true,"href":"https:\/\/infovera.com.ar\/web\/wp-json\/wp\/v2\/tags?post=71695"}],"curies":[{"name":"wp","href":"https:\/\/api.w.org\/{rel}","templated":true}]}}