{"id":71691,"date":"2026-04-29T13:03:40","date_gmt":"2026-04-29T16:03:40","guid":{"rendered":"https:\/\/infovera.com.ar\/web\/?p=71691"},"modified":"2026-04-29T13:15:38","modified_gmt":"2026-04-29T16:15:38","slug":"crisis-hidrica-corenosa-se-reunio-en-vera-con-el-comite-de-crisis","status":"publish","type":"post","link":"https:\/\/infovera.com.ar\/web\/2026\/04\/29\/crisis-hidrica-corenosa-se-reunio-en-vera-con-el-comite-de-crisis\/","title":{"rendered":"Emergencia h\u00eddrica: Corenosa se reuni\u00f3 en Vera con el Comit\u00e9 de Crisis"},"content":{"rendered":"<p><strong>El s\u00e1bado 25 de abril, CORENOSA llev\u00f3 a cabo la reuni\u00f3n ordinaria de Comisi\u00f3n Directiva en la Sociedad Rural de Vera y este lunes 27 de abril particip\u00f3 de una reuni\u00f3n con el Comit\u00e9 Provincial de Crisis y de Emergencia.<\/strong><\/p>\n<p>Con la presencia del senador provincial por el departamento Vera, Osvaldo Sosa, el diputado provincial Sergio Rojas y la intendente de la Municipalidad de Vera, Paula Mitre, el s\u00e1bado pasado se consensuaron acciones relacionadas con las obras de infraestructura prioritarias para la zona, mencionadas en el Proyecto de Reparaci\u00f3n Hist\u00f3rica para el Norte Santafesino impulsado por CORENOSA.<\/p>\n<p>Los representantes de los departamentos Vera, 9 de Julio y General Obligado expusieron la situaci\u00f3n cr\u00edtica que atraviesan tras las lluvias registradas la \u00faltima semana de abril, y reiteraron que las limitaciones de infraestructura afectan gravemente a la regi\u00f3n en t\u00e9rminos social y productivo.<\/p>\n<p>En este sentido, se acord\u00f3 la participaci\u00f3n de CORENOSA en la reuni\u00f3n del Comit\u00e9 Provincial de Crisis y de Emergencia que se realiz\u00f3 este lunes 27 de abril en Vera.<\/p>\n<p>En la oportunidad evaluaron el avance de los anegamientos y el ingreso de agua desde provincias vecinas. Tambi\u00e9n se presentaron las medidas tomadas recientemente y las acciones previstas para hacer frente a esta emergencia.<\/p>\n<p>Entre otros temas del orden del d\u00eda, el s\u00e1bado 25 de abril tambi\u00e9n se trat\u00f3 la aprobaci\u00f3n de la Reforma del C\u00f3digo Procesal Laboral de la provincia por las C\u00e1maras de Diputados y de la C\u00e1mara de Senadores de Santa Fe, ya que se trata de una decisi\u00f3n pol\u00edtica importante que responde a una demanda concreta de los sectores productivos de la provincia.<\/p>\n<p>Cabe recordar que CORENOSA fue parte de la ronda de consulta que se llev\u00f3 a cabo previamente en la C\u00e1mara de Senadores de Santa Fe.<\/p>\n<p>En el encuentro mensual del Consejo Regional Econ\u00f3mico del Norte Santafesino \u2013CORENOSA-, estuvieron presentes los representantes de las siguientes instituciones asociadas: Centro de Empresarios de Romang; Centro Industrial y Comercial de Malabrigo; Centro Comercial, Industrial y de Servicios Gobernador Crespo; Centro Industrial y Comercial de Avellaneda; Centro Econ\u00f3mico de San Javier y la Regi\u00f3n; Sociedad Rural de Romang; Sociedad Rural de Reconquista; Sociedad Rural de Vera; C\u00e1mara de Comercio Exterior del Norte Santafesino y C\u00e1mara de Empresarios de Tostado. Asistieron como invitados el senador provincial por el departamento Vera, Osvaldo Sosa y su equipo de trabajo; el diputado provincial Sergio Rojas; y la intendente de la Municipalidad de Vera, Paula Mitre junto con miembros de su gabinete y concejales de la cuidad<\/p>\n<p>Letyana Press<\/p>\n","protected":false},"excerpt":{"rendered":"<p>El s\u00e1bado 25 de abril, CORENOSA llev\u00f3 a cabo la reuni\u00f3n ordinaria de Comisi\u00f3n Directiva en la Sociedad Rural de Vera y este lunes 27 de abril particip\u00f3 de una reuni\u00f3n con el Comit\u00e9 Provincial de Crisis y de Emergencia. Con la presencia del senador provincial por el departamento Vera, Osvaldo Sosa, el diputado provincial [&hellip;]<\/p>\n","protected":false},"author":3,"featured_media":71692,"comment_status":"open","ping_status":"open","sticky":false,"template":"","format":"standard","meta":{"_joinchat":[],"footnotes":""},"categories":[48,53],"tags":[],"class_list":{"0":"post-71691","1":"post","2":"type-post","3":"status-publish","4":"format-standard","5":"has-post-thumbnail","7":"category-produccion","8":"category-vera"},"_links":{"self":[{"href":"https:\/\/infovera.com.ar\/web\/wp-json\/wp\/v2\/posts\/71691","targetHints":{"allow":["GET"]}}],"collection":[{"href":"https:\/\/infovera.com.ar\/web\/wp-json\/wp\/v2\/posts"}],"about":[{"href":"https:\/\/infovera.com.ar\/web\/wp-json\/wp\/v2\/types\/post"}],"author":[{"embeddable":true,"href":"https:\/\/infovera.com.ar\/web\/wp-json\/wp\/v2\/users\/3"}],"replies":[{"embeddable":true,"href":"https:\/\/infovera.com.ar\/web\/wp-json\/wp\/v2\/comments?post=71691"}],"version-history":[{"count":2,"href":"https:\/\/infovera.com.ar\/web\/wp-json\/wp\/v2\/posts\/71691\/revisions"}],"predecessor-version":[{"id":71694,"href":"https:\/\/infovera.com.ar\/web\/wp-json\/wp\/v2\/posts\/71691\/revisions\/71694"}],"wp:featuredmedia":[{"embeddable":true,"href":"https:\/\/infovera.com.ar\/web\/wp-json\/wp\/v2\/media\/71692"}],"wp:attachment":[{"href":"https:\/\/infovera.com.ar\/web\/wp-json\/wp\/v2\/media?parent=71691"}],"wp:term":[{"taxonomy":"category","embeddable":true,"href":"https:\/\/infovera.com.ar\/web\/wp-json\/wp\/v2\/categories?post=71691"},{"taxonomy":"post_tag","embeddable":true,"href":"https:\/\/infovera.com.ar\/web\/wp-json\/wp\/v2\/tags?post=71691"}],"curies":[{"name":"wp","href":"https:\/\/api.w.org\/{rel}","templated":true}]}}