{"id":71689,"date":"2026-04-29T12:19:14","date_gmt":"2026-04-29T15:19:14","guid":{"rendered":"https:\/\/infovera.com.ar\/web\/?p=71689"},"modified":"2026-04-29T12:19:14","modified_gmt":"2026-04-29T15:19:14","slug":"la-cosvel-describio-un-panorama-critico-en-lo-financiero-por-la-morosidad-y-el-aumento-de-costos","status":"publish","type":"post","link":"https:\/\/infovera.com.ar\/web\/2026\/04\/29\/la-cosvel-describio-un-panorama-critico-en-lo-financiero-por-la-morosidad-y-el-aumento-de-costos\/","title":{"rendered":"La Cosvel describi\u00f3 un panorama cr\u00edtico en lo financiero por la morosidad y el aumento de costos"},"content":{"rendered":"<p><strong>Fue durante un informe al Concejo Municipal.<\/strong><\/p>\n<p>La gerencia de Co.S.Ve.L. inform\u00f3 al Concejo Municipal que, aunque el servicio de agua potable y su presi\u00f3n m\u00ednima est\u00e1n garantizados bajo control del Enress, la situaci\u00f3n financiera de la cooperativa es cr\u00edtica debido a la baja cobrabilidad y el aumento de costos operativos.<\/p>\n<p>Por este motivo, la instituci\u00f3n indic\u00f3 que se encuentra evaluando la factibilidad t\u00e9cnica de nuevas extensiones de red y solicita una gesti\u00f3n conjunta para concretar obras de corto plazo con recursos externos.<\/p>\n<p><strong>NOTAS TRATADAS<\/strong><\/p>\n<p>El Equipo Directivo del Colegio Superior N\u00ba 42, AMSAFE Y SADOP solicitan al cuerpo legislativo la declaratoria de inter\u00e9s al Proyecto Interinstitucional \u201cMemoria, verdad y justicia. 50 a\u00f1os\u201d.<\/p>\n<p><strong>Resoluci\u00f3n:<\/strong> declarar de inter\u00e9s cultural y educativo al Proyecto Interinstitucional \u201cMemoria, verdad y justicia. 50 a\u00f1os\u201d<strong> \u2714 APROBADO POR UNANIMIDAD <\/strong><\/p>\n<p><strong>PROYECTOS TRATADOS <\/strong><\/p>\n<p><strong>Proyecto de Ordenanza Declaraci\u00f3n de la Emergencia Social y Sanitaria de los pobladores de los parajes rurales del Distrito Vera,<\/strong> en el marco de la emergencia h\u00eddrica vigente. Presentado por: Concejal Mario Souilh\u00e9 del Bloque Justicialista \u2714 <strong>APROBADO POR MAYORIA<\/strong> : Votos positivos Ana Paula Capello, Mario Souilh\u00e9, Javier Barbona y Clauido Bieler.<\/p>\n<p>Proyecto de Comunicaci\u00f3n Solicitud al Departamento Ejecutivo Municipal que proceda a realizar de manera urgente el relevamiento, <strong>reparaci\u00f3n y restablecimiento del alumbrado p\u00fablico en el Paraje Caraguatay<\/strong>. Presentado por: Concejal Javier Barbona del Bloque Sumemos Esfuerzo \u2714 <strong>APROBADO POR UNANIMIDAD\u00a0<\/strong><\/p>\n<p>Proyecto de <strong>Resoluci\u00f3n Declaraci\u00f3n de Ciudadana Destacada de la Ciudad de Vera a la Sra. Yolanda Erceg de Granziero<\/strong>, en reconocimiento a su trayectoria de vida, su compromiso con la comunidad y con motivo de la celebraci\u00f3n de sus 100 a\u00f1os. Presentado por: Concejal Javier Barbona del Bloque Sumemos Esfuerzo \u2714<strong> APROBADO POR UNANIMIDA<\/strong>D<\/p>\n<p><strong>Proyecto de Resoluci\u00f3n Declaraci\u00f3n de Inter\u00e9s Cultural la obra literaria \u201cOrqu\u00eddeas Negras\u201d,<\/strong> del escritor verense Dr. Sixto Gonz\u00e1lez, por su valioso aporte a la cultura local y regional. Presentado por: Concejal Javier Barbona del Bloque Sumemos Esfuerzo \u2714 <strong>APROBADO POR UNANIMIDAD <\/strong><\/p>\n","protected":false},"excerpt":{"rendered":"<p>Fue durante un informe al Concejo Municipal. La gerencia de Co.S.Ve.L. inform\u00f3 al Concejo Municipal que, aunque el servicio de agua potable y su presi\u00f3n m\u00ednima est\u00e1n garantizados bajo control del Enress, la situaci\u00f3n financiera de la cooperativa es cr\u00edtica debido a la baja cobrabilidad y el aumento de costos operativos. Por este motivo, la [&hellip;]<\/p>\n","protected":false},"author":3,"featured_media":27867,"comment_status":"open","ping_status":"open","sticky":false,"template":"","format":"standard","meta":{"_joinchat":[],"footnotes":""},"categories":[56],"tags":[],"class_list":{"0":"post-71689","1":"post","2":"type-post","3":"status-publish","4":"format-standard","5":"has-post-thumbnail","7":"category-destacados"},"_links":{"self":[{"href":"https:\/\/infovera.com.ar\/web\/wp-json\/wp\/v2\/posts\/71689","targetHints":{"allow":["GET"]}}],"collection":[{"href":"https:\/\/infovera.com.ar\/web\/wp-json\/wp\/v2\/posts"}],"about":[{"href":"https:\/\/infovera.com.ar\/web\/wp-json\/wp\/v2\/types\/post"}],"author":[{"embeddable":true,"href":"https:\/\/infovera.com.ar\/web\/wp-json\/wp\/v2\/users\/3"}],"replies":[{"embeddable":true,"href":"https:\/\/infovera.com.ar\/web\/wp-json\/wp\/v2\/comments?post=71689"}],"version-history":[{"count":1,"href":"https:\/\/infovera.com.ar\/web\/wp-json\/wp\/v2\/posts\/71689\/revisions"}],"predecessor-version":[{"id":71690,"href":"https:\/\/infovera.com.ar\/web\/wp-json\/wp\/v2\/posts\/71689\/revisions\/71690"}],"wp:featuredmedia":[{"embeddable":true,"href":"https:\/\/infovera.com.ar\/web\/wp-json\/wp\/v2\/media\/27867"}],"wp:attachment":[{"href":"https:\/\/infovera.com.ar\/web\/wp-json\/wp\/v2\/media?parent=71689"}],"wp:term":[{"taxonomy":"category","embeddable":true,"href":"https:\/\/infovera.com.ar\/web\/wp-json\/wp\/v2\/categories?post=71689"},{"taxonomy":"post_tag","embeddable":true,"href":"https:\/\/infovera.com.ar\/web\/wp-json\/wp\/v2\/tags?post=71689"}],"curies":[{"name":"wp","href":"https:\/\/api.w.org\/{rel}","templated":true}]}}