{"id":71683,"date":"2026-04-29T11:10:34","date_gmt":"2026-04-29T14:10:34","guid":{"rendered":"https:\/\/infovera.com.ar\/web\/?p=71683"},"modified":"2026-04-29T11:10:34","modified_gmt":"2026-04-29T14:10:34","slug":"vera-prision-preventiva-para-hugo-hernan-vicente-por-la-muerte-de-miguel-portillo-en-un-siniestro-vial","status":"publish","type":"post","link":"https:\/\/infovera.com.ar\/web\/2026\/04\/29\/vera-prision-preventiva-para-hugo-hernan-vicente-por-la-muerte-de-miguel-portillo-en-un-siniestro-vial\/","title":{"rendered":"Vera: prisi\u00f3n preventiva para Hugo Hern\u00e1n Vicente por la muerte de Miguel Portillo en un siniestro vial"},"content":{"rendered":"<p><strong>La Justicia de Vera dict\u00f3 prisi\u00f3n preventiva para Hugo Hern\u00e1n Vicente, imputado por homicidio culposo en siniestro vial, en el marco de la investigaci\u00f3n por la muerte de Miguel Portillo, ocurrida el pasado 24 de abril. La medida fue resuelta este 28 de abril en audiencia realizada en la Oficina de Gesti\u00f3n Judicial del Distrito 13.<\/strong><\/p>\n<p>El caso fue llevado adelante por el fiscal Leandro David Aguilar, mientras que la defensa estuvo a cargo del defensor p\u00fablico Mat\u00edas Daruich. Como querellantes fueron admitidos Miguel \u00c1ngel Portillo y Mar\u00eda Itat\u00ed Alegre, representados por los abogados Mar\u00eda Bel\u00e9n Saavedra, Virginia Magnago y Alejandro Rodr\u00edguez.<\/p>\n<p><strong>La imputaci\u00f3n<\/strong><\/p>\n<p>Seg\u00fan surge del acta judicial, la Fiscal\u00eda <strong>atribuy\u00f3 a Vicente haber protagonizado el siniestro en la madrugada del 24 de abril, cuando circulaba en una camioneta Chevrolet acompa\u00f1ado por Miguel \u00c1ngel Romero, sobre calle Allende Lezama,<\/strong> a la altura de la tranquera del predio rural de Viano, donde habr\u00eda atropellado a Portillo y abandonado el lugar.<\/p>\n<p>El juez Mart\u00edn Gauna Chapero se\u00f1al\u00f3 que conducir un veh\u00edculo es una actividad permitida, pero que la conducta puede adquirir relevancia penal cuando se realiza de manera imprudente, negligente o violando deberes de cuidado. Tambi\u00e9n observ\u00f3 que la imputaci\u00f3n deb\u00eda precisar mejor si existi\u00f3 distracci\u00f3n, exceso de velocidad, conducci\u00f3n antirreglamentaria o bajo efectos de sustancias.<\/p>\n<p><strong>Evidencias valoradas<\/strong><\/p>\n<p>Entre los elementos mencionados en audiencia, la Fiscal\u00eda indic\u00f3 que existieron <strong>manifestaciones espont\u00e1neas del imputado ante la polic\u00eda reconociendo haber participado en un siniestro,<\/strong> adem\u00e1s de c\u00e1maras de seguridad que mostrar\u00edan una camioneta coincidente con la secuestrada en su domicilio y restos biol\u00f3gicos en el veh\u00edculo compatibles con el impacto.<\/p>\n<p><strong>La prisi\u00f3n preventiva<\/strong><\/p>\n<p>Al resolver, el magistrado entendi\u00f3 que exist\u00eda riesgo de entorpecimiento probatorio. Remarc\u00f3 que, seg\u00fan la teor\u00eda del caso acusatoria,<strong> Vicente no llam\u00f3 a la polic\u00eda ni a una ambulancia y no permaneci\u00f3 en el lugar para auxiliar a la v\u00edctima<\/strong>, lo que consider\u00f3 un indicio de falta de colaboraci\u00f3n con la investigaci\u00f3n.<\/p>\n<p>Tambi\u00e9n mencion\u00f3 que restan medidas importantes como pericias sobre la camioneta, determinar horarios claves del hecho y profundizar testimonios. Por eso dispuso la prisi\u00f3n preventiva, con posibilidad de revisi\u00f3n dentro de 30 d\u00edas.<\/p>\n","protected":false},"excerpt":{"rendered":"<p>La Justicia de Vera dict\u00f3 prisi\u00f3n preventiva para Hugo Hern\u00e1n Vicente, imputado por homicidio culposo en siniestro vial, en el marco de la investigaci\u00f3n por la muerte de Miguel Portillo, ocurrida el pasado 24 de abril. La medida fue resuelta este 28 de abril en audiencia realizada en la Oficina de Gesti\u00f3n Judicial del Distrito [&hellip;]<\/p>\n","protected":false},"author":3,"featured_media":61210,"comment_status":"open","ping_status":"open","sticky":false,"template":"","format":"standard","meta":{"_joinchat":[],"footnotes":""},"categories":[56],"tags":[],"class_list":{"0":"post-71683","1":"post","2":"type-post","3":"status-publish","4":"format-standard","5":"has-post-thumbnail","7":"category-destacados"},"_links":{"self":[{"href":"https:\/\/infovera.com.ar\/web\/wp-json\/wp\/v2\/posts\/71683","targetHints":{"allow":["GET"]}}],"collection":[{"href":"https:\/\/infovera.com.ar\/web\/wp-json\/wp\/v2\/posts"}],"about":[{"href":"https:\/\/infovera.com.ar\/web\/wp-json\/wp\/v2\/types\/post"}],"author":[{"embeddable":true,"href":"https:\/\/infovera.com.ar\/web\/wp-json\/wp\/v2\/users\/3"}],"replies":[{"embeddable":true,"href":"https:\/\/infovera.com.ar\/web\/wp-json\/wp\/v2\/comments?post=71683"}],"version-history":[{"count":1,"href":"https:\/\/infovera.com.ar\/web\/wp-json\/wp\/v2\/posts\/71683\/revisions"}],"predecessor-version":[{"id":71684,"href":"https:\/\/infovera.com.ar\/web\/wp-json\/wp\/v2\/posts\/71683\/revisions\/71684"}],"wp:featuredmedia":[{"embeddable":true,"href":"https:\/\/infovera.com.ar\/web\/wp-json\/wp\/v2\/media\/61210"}],"wp:attachment":[{"href":"https:\/\/infovera.com.ar\/web\/wp-json\/wp\/v2\/media?parent=71683"}],"wp:term":[{"taxonomy":"category","embeddable":true,"href":"https:\/\/infovera.com.ar\/web\/wp-json\/wp\/v2\/categories?post=71683"},{"taxonomy":"post_tag","embeddable":true,"href":"https:\/\/infovera.com.ar\/web\/wp-json\/wp\/v2\/tags?post=71683"}],"curies":[{"name":"wp","href":"https:\/\/api.w.org\/{rel}","templated":true}]}}