{"id":71669,"date":"2026-04-28T15:58:58","date_gmt":"2026-04-28T18:58:58","guid":{"rendered":"https:\/\/infovera.com.ar\/web\/?p=71669"},"modified":"2026-04-28T16:55:51","modified_gmt":"2026-04-28T19:55:51","slug":"el-tribunal-de-enjuiciamiento-rechazo-la-destitucion-del-juez-mauricio-martelossi","status":"publish","type":"post","link":"https:\/\/infovera.com.ar\/web\/2026\/04\/28\/el-tribunal-de-enjuiciamiento-rechazo-la-destitucion-del-juez-mauricio-martelossi\/","title":{"rendered":"Los jueces salvaron a  Martelossi: el tribunal de enjuiciamiento rechaz\u00f3 la destituci\u00f3n"},"content":{"rendered":"<p><strong>El juez Mauricio Martelossi enfrentaba cargos por demoras en los fundamentos de sus resoluciones y la manera de analizar las prisiones preventivas.<\/strong><\/p>\n<p>El tribunal de enjuiciamiento de Magistrados rechaz\u00f3 este martes la destituci\u00f3n del juez de Reconquista, Mauricio Martelossi. Con voto dividido, el \u00f3rgano se expres\u00f3 en contra del apartamento del magistrado.<\/p>\n<p>Los jueces de la Corte Suprema de Justicia Jorge Baclini, Roberto Falistocco, Rafael Guti\u00e9rrez, Rub\u00e9n Weder y Margarita Zabalza votaron por la no destituci\u00f3n, al igual que el juez de C\u00e1mara, Mat\u00edas Drivet. Mientras que Daniel Erbetta, vot\u00f3 afirmativamente.<\/p>\n<p>Por su parte, los legisladores Rodrigo Borla y Jos\u00e9 Corral, lo mismo que los representantes del Colegios de abogados Lucas Rey Castro y H\u00e9ctor Ferrero, votaron por la destituci\u00f3n.<\/p>\n<p>El voto de los ministros del m\u00e1ximo tribunal de justicia fue clave para inclinar el decisorio en favor del Martelossi, que hab\u00eda llegado a esa instancia de juzgamiento cuestionado fuertemente por el gobierno provincial luego de que liberara a un malviviente que , d\u00edas despu\u00e9s, termin\u00f3 asesinando a un remisero de apellido Mart\u00ednez, en Reconquista.<\/p>\n<p>Cabe agregar, que el Tribunal de Enjuiciamiento remiti\u00f3 las actuaciones a la Corte Suprema para la valoraci\u00f3n de los hechos denunciados y la existencia de un eventual remanente administrativo disciplinario de tr\u00e1mite ante la misma.<\/p>\n<p><strong>Que en el d\u00eda de la fecha y en reuni\u00f3n de acuerdo ordinario de ministros, las actuaciones fueron tratadas y el Alto Cuerpo le impuso la sanci\u00f3n disciplinario de 30 d\u00edas de suspensi\u00f3n en el cargo (art. 223 inc. 4 Ley 10.160). <\/strong><\/p>\n<p>Asimismo, actu\u00f3 como acusador el procurador general del Poder Judicial, Dr. Jorge Alberto Barraguirre. La defensa t\u00e9cnica del magistrado sometido a enjuiciamiento estuvo a cargo del Dr. N\u00e9stor Oro\u00f1o, abogado del foro local.<\/p>\n","protected":false},"excerpt":{"rendered":"<p>El juez Mauricio Martelossi enfrentaba cargos por demoras en los fundamentos de sus resoluciones y la manera de analizar las prisiones preventivas. El tribunal de enjuiciamiento de Magistrados rechaz\u00f3 este martes la destituci\u00f3n del juez de Reconquista, Mauricio Martelossi. Con voto dividido, el \u00f3rgano se expres\u00f3 en contra del apartamento del magistrado. Los jueces de [&hellip;]<\/p>\n","protected":false},"author":3,"featured_media":20141,"comment_status":"open","ping_status":"open","sticky":false,"template":"","format":"standard","meta":{"_joinchat":[],"footnotes":""},"categories":[56],"tags":[],"class_list":{"0":"post-71669","1":"post","2":"type-post","3":"status-publish","4":"format-standard","5":"has-post-thumbnail","7":"category-destacados"},"_links":{"self":[{"href":"https:\/\/infovera.com.ar\/web\/wp-json\/wp\/v2\/posts\/71669","targetHints":{"allow":["GET"]}}],"collection":[{"href":"https:\/\/infovera.com.ar\/web\/wp-json\/wp\/v2\/posts"}],"about":[{"href":"https:\/\/infovera.com.ar\/web\/wp-json\/wp\/v2\/types\/post"}],"author":[{"embeddable":true,"href":"https:\/\/infovera.com.ar\/web\/wp-json\/wp\/v2\/users\/3"}],"replies":[{"embeddable":true,"href":"https:\/\/infovera.com.ar\/web\/wp-json\/wp\/v2\/comments?post=71669"}],"version-history":[{"count":6,"href":"https:\/\/infovera.com.ar\/web\/wp-json\/wp\/v2\/posts\/71669\/revisions"}],"predecessor-version":[{"id":71679,"href":"https:\/\/infovera.com.ar\/web\/wp-json\/wp\/v2\/posts\/71669\/revisions\/71679"}],"wp:featuredmedia":[{"embeddable":true,"href":"https:\/\/infovera.com.ar\/web\/wp-json\/wp\/v2\/media\/20141"}],"wp:attachment":[{"href":"https:\/\/infovera.com.ar\/web\/wp-json\/wp\/v2\/media?parent=71669"}],"wp:term":[{"taxonomy":"category","embeddable":true,"href":"https:\/\/infovera.com.ar\/web\/wp-json\/wp\/v2\/categories?post=71669"},{"taxonomy":"post_tag","embeddable":true,"href":"https:\/\/infovera.com.ar\/web\/wp-json\/wp\/v2\/tags?post=71669"}],"curies":[{"name":"wp","href":"https:\/\/api.w.org\/{rel}","templated":true}]}}