{"id":71667,"date":"2026-04-28T13:15:00","date_gmt":"2026-04-28T16:15:00","guid":{"rendered":"https:\/\/infovera.com.ar\/web\/?p=71667"},"modified":"2026-04-29T11:13:24","modified_gmt":"2026-04-29T14:13:24","slug":"varios-temas-tratara-el-concejo-en-su-sesion-semanal","status":"publish","type":"post","link":"https:\/\/infovera.com.ar\/web\/2026\/04\/28\/varios-temas-tratara-el-concejo-en-su-sesion-semanal\/","title":{"rendered":"Varios temas tratar\u00e1 el Concejo en su sesi\u00f3n semanal"},"content":{"rendered":"<p>El Concejo Municipal de Vera tratar\u00e1 hoy varios temas en sesi\u00f3n:<\/p>\n<p>Notas recibidas<\/p>\n<p>&#8211; Invitaci\u00f3n de la Presidenta de la C\u00e1mara de Diputados C.P Clara Garc\u00eda y la Diputada Provincial Dra. Claudia Balagu\u00e9 a la Mesa &#8220;Di\u00e1logos con diferentes miradas&#8221; por la presentaci\u00f3n del libro \u201cConstituci\u00f3n de la Provincia de Santa Fe. Comentarios a la Reforma\u201d de Oscar Blando.<\/p>\n<p>&#8211; El Colegio Superior N\u00b0 42, AMSAFE y SADOP solicitan declarar de inter\u00e9s el Proyecto Interinstitucional \u201cMemoria, verdad y justicia. 50 a\u00f1os\u201d.<\/p>\n<p>Proyecto de ordenanza<\/p>\n<p>Declaraci\u00f3n de Emergencia Social y Sanitaria de los pobladores de los parajes rurales del Distrito Vera, en el marco de la emergencia h\u00eddrica vigente. Presentado por el Concejal Mario Souilh\u00e9 del Bloque Justicialista.<\/p>\n<p>Proyecto de comunicaci\u00f3n<\/p>\n<p>Solicitud al Ejecutivo Municipal para que realice de manera urgente el relevamiento, reparaci\u00f3n y restablecimiento del alumbrado p\u00fablico en Paraje Caraguatay. Presentado por el Concejal Javier Barbona del Bloque Sumemos Esfuerzo.<\/p>\n<p>Proyectos de resoluci\u00f3n<\/p>\n<p>1. Declaraci\u00f3n de Ciudadana Destacada a la Sra. Yolanda Erceg de Granziero por sus 100 a\u00f1os y trayectoria. Presentado por el Concejal Javier Barbona del Bloque Sumemos Esfuerzo.<\/p>\n<p>2. Declaraci\u00f3n de Inter\u00e9s Cultural a la obra literaria \u201cOrqu\u00eddeas Negras\u201d del escritor verense Dr. Sixto Gonz\u00e1lez. Presentado por el Concejal Javier Barbona del Bloque Sumemos Esfuerzos.<\/p>\n<p>&nbsp;<\/p>\n<p>&nbsp;<\/p>\n<p>&nbsp;<\/p>\n<p>&nbsp;<\/p>\n<p>&nbsp;<\/p>\n<p>&nbsp;<\/p>\n<p>&nbsp;<\/p>\n<p>&nbsp;<\/p>\n","protected":false},"excerpt":{"rendered":"<p>El Concejo Municipal de Vera tratar\u00e1 hoy varios temas en sesi\u00f3n: Notas recibidas &#8211; Invitaci\u00f3n de la Presidenta de la C\u00e1mara de Diputados C.P Clara Garc\u00eda y la Diputada Provincial Dra. Claudia Balagu\u00e9 a la Mesa &#8220;Di\u00e1logos con diferentes miradas&#8221; por la presentaci\u00f3n del libro \u201cConstituci\u00f3n de la Provincia de Santa Fe. Comentarios a la [&hellip;]<\/p>\n","protected":false},"author":3,"featured_media":4813,"comment_status":"open","ping_status":"open","sticky":false,"template":"","format":"standard","meta":{"_joinchat":[],"footnotes":""},"categories":[1],"tags":[],"class_list":{"0":"post-71667","1":"post","2":"type-post","3":"status-publish","4":"format-standard","5":"has-post-thumbnail","7":"category-sin-categoria"},"_links":{"self":[{"href":"https:\/\/infovera.com.ar\/web\/wp-json\/wp\/v2\/posts\/71667","targetHints":{"allow":["GET"]}}],"collection":[{"href":"https:\/\/infovera.com.ar\/web\/wp-json\/wp\/v2\/posts"}],"about":[{"href":"https:\/\/infovera.com.ar\/web\/wp-json\/wp\/v2\/types\/post"}],"author":[{"embeddable":true,"href":"https:\/\/infovera.com.ar\/web\/wp-json\/wp\/v2\/users\/3"}],"replies":[{"embeddable":true,"href":"https:\/\/infovera.com.ar\/web\/wp-json\/wp\/v2\/comments?post=71667"}],"version-history":[{"count":1,"href":"https:\/\/infovera.com.ar\/web\/wp-json\/wp\/v2\/posts\/71667\/revisions"}],"predecessor-version":[{"id":71668,"href":"https:\/\/infovera.com.ar\/web\/wp-json\/wp\/v2\/posts\/71667\/revisions\/71668"}],"wp:featuredmedia":[{"embeddable":true,"href":"https:\/\/infovera.com.ar\/web\/wp-json\/wp\/v2\/media\/4813"}],"wp:attachment":[{"href":"https:\/\/infovera.com.ar\/web\/wp-json\/wp\/v2\/media?parent=71667"}],"wp:term":[{"taxonomy":"category","embeddable":true,"href":"https:\/\/infovera.com.ar\/web\/wp-json\/wp\/v2\/categories?post=71667"},{"taxonomy":"post_tag","embeddable":true,"href":"https:\/\/infovera.com.ar\/web\/wp-json\/wp\/v2\/tags?post=71667"}],"curies":[{"name":"wp","href":"https:\/\/api.w.org\/{rel}","templated":true}]}}