{"id":71656,"date":"2026-04-27T20:29:45","date_gmt":"2026-04-27T23:29:45","guid":{"rendered":"https:\/\/infovera.com.ar\/web\/?p=71656"},"modified":"2026-04-27T20:29:45","modified_gmt":"2026-04-27T23:29:45","slug":"autoridades-e-instituciones-articulan-acciones-ante-la-emergencia-hidrica-del-departamento-vera","status":"publish","type":"post","link":"https:\/\/infovera.com.ar\/web\/2026\/04\/27\/autoridades-e-instituciones-articulan-acciones-ante-la-emergencia-hidrica-del-departamento-vera\/","title":{"rendered":"Autoridades e instituciones articulan acciones ante la emergencia h\u00eddrica del departamento Vera"},"content":{"rendered":"<p>Este lunes se reunieron en la ciudad de Vera funcionarios provinciales, legisladores, intendentes y presidentes comunales, concejales y organizaciones del sector productivo para articular medidas de asistencia frente a la emergencia h\u00eddrica que atraviesan los departamentos Vera, 9 de Julio y General Obligado.<\/p>\n<p>Del encuentro participaron el diputado provincial Sergio &#8220;Chiqui&#8221; Rojas, el senador Osvaldo Sosa, el director de Protecci\u00f3n Civil Marcos Escajadillo, e Ignacio Mantaras del Ministerio de Desarrollo Productivo. Tambi\u00e9n estuvieron representantes del Nodo de Salud, Vialidad Provincial, junto a la Sociedad Rural de Vera, CORENOSA, UOCB, la Asociaci\u00f3n de Peque\u00f1os Productores de la Cu\u00f1a Boscosa, el INTA y FUNDAPAZ, entre otros.<\/p>\n<p>Rojas se\u00f1al\u00f3 que \u201cla reuni\u00f3n fue positiva, es fundamental que todos contemos con la misma informaci\u00f3n para poder coordinar de manera m\u00e1s eficiente las medidas y acciones que se toman, especialmente teniendo en cuenta que los pron\u00f3sticos dan cuenta que los pr\u00f3ximos meses pueden ocurrir situaciones similares.\u201d<\/p>\n<p>Entre las medidas que ya se tomaron y las que est\u00e1n en evaluaci\u00f3n se encuentran la habilitaci\u00f3n de certificados de tr\u00e1nsito provisorios, la creaci\u00f3n de un registro de campo y alimento, y l\u00edneas de cr\u00e9dito para productores de los departamentos afectados.<\/p>\n<p>Por otra parte, remarc\u00f3 la importancia de que en la reuni\u00f3n estuvieran presentes las organizaciones de peque\u00f1os productores y familias campesinas: &#8220;Me parece muy importante que hayan participado porque representan otro universo de productores: son las familias que permanecen m\u00e1s aisladas, generalmente las m\u00e1s alejadas de los pueblos y parajes, y hay que poder escucharlas para ver cu\u00e1l es la asistencia que necesitan&#8221;.<\/p>\n<p>En este sentido, Rojas subray\u00f3 adem\u00e1s la necesidad de atender la asistencia social de las familias que no pueden salir a trabajar, as\u00ed como garantizar el acceso a la salud y la educaci\u00f3n en los parajes m\u00e1s comprometidos.<\/p>\n<p>Finalmente, el diputado destac\u00f3 la respuesta de la provincia, as\u00ed como el trabajo desplegado en el territorio a trav\u00e9s de Protecci\u00f3n Civil y de los cuerpos de bomberos de la regi\u00f3n, particularmente los bomberos zapadores de Vera, que est\u00e1n actuando en la emergencia.<\/p>\n<p><a href=\"https:\/\/infovera.com.ar\/web\/wp-content\/uploads\/2026\/04\/fd6d68ac-bacd-4c3a-9339-b2b69f221dd9.jpeg\"><img loading=\"lazy\" decoding=\"async\" class=\"alignleft size-full wp-image-71659\" src=\"https:\/\/infovera.com.ar\/web\/wp-content\/uploads\/2026\/04\/fd6d68ac-bacd-4c3a-9339-b2b69f221dd9.jpeg\" alt=\"\" width=\"4032\" height=\"3024\" srcset=\"https:\/\/infovera.com.ar\/web\/wp-content\/uploads\/2026\/04\/fd6d68ac-bacd-4c3a-9339-b2b69f221dd9.jpeg 4032w, https:\/\/infovera.com.ar\/web\/wp-content\/uploads\/2026\/04\/fd6d68ac-bacd-4c3a-9339-b2b69f221dd9-560x420.jpeg 560w, https:\/\/infovera.com.ar\/web\/wp-content\/uploads\/2026\/04\/fd6d68ac-bacd-4c3a-9339-b2b69f221dd9-80x60.jpeg 80w, https:\/\/infovera.com.ar\/web\/wp-content\/uploads\/2026\/04\/fd6d68ac-bacd-4c3a-9339-b2b69f221dd9-696x522.jpeg 696w, https:\/\/infovera.com.ar\/web\/wp-content\/uploads\/2026\/04\/fd6d68ac-bacd-4c3a-9339-b2b69f221dd9-1068x801.jpeg 1068w, https:\/\/infovera.com.ar\/web\/wp-content\/uploads\/2026\/04\/fd6d68ac-bacd-4c3a-9339-b2b69f221dd9-265x198.jpeg 265w\" sizes=\"auto, (max-width: 4032px) 100vw, 4032px\" \/><\/a><\/p>\n","protected":false},"excerpt":{"rendered":"<p>Este lunes se reunieron en la ciudad de Vera funcionarios provinciales, legisladores, intendentes y presidentes comunales, concejales y organizaciones del sector productivo para articular medidas de asistencia frente a la emergencia h\u00eddrica que atraviesan los departamentos Vera, 9 de Julio y General Obligado. Del encuentro participaron el diputado provincial Sergio &#8220;Chiqui&#8221; Rojas, el senador Osvaldo [&hellip;]<\/p>\n","protected":false},"author":3,"featured_media":71658,"comment_status":"open","ping_status":"open","sticky":false,"template":"","format":"standard","meta":{"_joinchat":[],"footnotes":""},"categories":[53],"tags":[],"class_list":{"0":"post-71656","1":"post","2":"type-post","3":"status-publish","4":"format-standard","5":"has-post-thumbnail","7":"category-vera"},"_links":{"self":[{"href":"https:\/\/infovera.com.ar\/web\/wp-json\/wp\/v2\/posts\/71656","targetHints":{"allow":["GET"]}}],"collection":[{"href":"https:\/\/infovera.com.ar\/web\/wp-json\/wp\/v2\/posts"}],"about":[{"href":"https:\/\/infovera.com.ar\/web\/wp-json\/wp\/v2\/types\/post"}],"author":[{"embeddable":true,"href":"https:\/\/infovera.com.ar\/web\/wp-json\/wp\/v2\/users\/3"}],"replies":[{"embeddable":true,"href":"https:\/\/infovera.com.ar\/web\/wp-json\/wp\/v2\/comments?post=71656"}],"version-history":[{"count":1,"href":"https:\/\/infovera.com.ar\/web\/wp-json\/wp\/v2\/posts\/71656\/revisions"}],"predecessor-version":[{"id":71660,"href":"https:\/\/infovera.com.ar\/web\/wp-json\/wp\/v2\/posts\/71656\/revisions\/71660"}],"wp:featuredmedia":[{"embeddable":true,"href":"https:\/\/infovera.com.ar\/web\/wp-json\/wp\/v2\/media\/71658"}],"wp:attachment":[{"href":"https:\/\/infovera.com.ar\/web\/wp-json\/wp\/v2\/media?parent=71656"}],"wp:term":[{"taxonomy":"category","embeddable":true,"href":"https:\/\/infovera.com.ar\/web\/wp-json\/wp\/v2\/categories?post=71656"},{"taxonomy":"post_tag","embeddable":true,"href":"https:\/\/infovera.com.ar\/web\/wp-json\/wp\/v2\/tags?post=71656"}],"curies":[{"name":"wp","href":"https:\/\/api.w.org\/{rel}","templated":true}]}}