{"id":71652,"date":"2026-04-27T18:23:43","date_gmt":"2026-04-27T21:23:43","guid":{"rendered":"https:\/\/infovera.com.ar\/web\/?p=71652"},"modified":"2026-04-27T20:50:53","modified_gmt":"2026-04-27T23:50:53","slug":"amra-denuncio-falta-de-anestesiologo-permanente-en-el-hospital-de-vera-y-deslindo-responsabilidades","status":"publish","type":"post","link":"https:\/\/infovera.com.ar\/web\/2026\/04\/27\/amra-denuncio-falta-de-anestesiologo-permanente-en-el-hospital-de-vera-y-deslindo-responsabilidades\/","title":{"rendered":"AMRA denunci\u00f3 falta de anestesi\u00f3logo permanente en el Hospital de Vera y deslind\u00f3 responsabilidades"},"content":{"rendered":"<p><strong>La Asociaci\u00f3n de M\u00e9dicos de la Rep\u00fablica Argentina (AMRA) present\u00f3 una denuncia formal ante el Ministerio de Salud de Santa Fe por la situaci\u00f3n que atraviesa el Hospital Regional de Vera, donde, seg\u00fan indic\u00f3, no hay m\u00e9dico anestesi\u00f3logo permanente y el quir\u00f3fano solo est\u00e1 disponible dos d\u00edas por semana.<\/strong><\/p>\n<p>La nota fue dirigida a la ministra Silvia Ciancio y lleva la firma del secretario de la Comisi\u00f3n Directiva Nacional del Sindicato, Eduardo Manuel Taboada. En el escrito, el sindicato advirti\u00f3 que el anestesi\u00f3logo m\u00e1s cercano reside en Reconquista y que esta falencia genera \u201criesgo profesional y para la comunidad\u201d, afectando no solo cirug\u00edas generales y urgencias, sino tambi\u00e9n el servicio de maternidad.<\/p>\n<p>Ante ese escenario, AMRA manifest\u00f3 que deslinda \u201ctodo tipo de responsabilidad civil y penal\u201d de los trabajadores profesionales de la salud que se desempe\u00f1an en el hospital verense. Adem\u00e1s, responsabiliz\u00f3 a la Subsecretar\u00eda de Gesti\u00f3n Territorial de Salud Centro-Norte y a la Direcci\u00f3n Regional de Salud Nodo Reconquista por una supuesta &#8220;conducta omisiva&#8221; en el ejercicio de sus funciones.<\/p>\n<p>En el documento tambi\u00e9n remarc\u00f3 que la falta de recurso humano especializado no solo pone en riesgo el trabajo diario del personal m\u00e9dico, sino tambi\u00e9n a la comunidad, ya que ante una emergencia no se contar\u00eda con anestesi\u00f3logo ni quir\u00f3fano disponible.<\/p>\n<p>Finalmente, el gremio solicit\u00f3 una reuni\u00f3n presencial urgente con las autoridades sanitarias para buscar una soluci\u00f3n inmediata a la problem\u00e1tica planteada.<\/p>\n","protected":false},"excerpt":{"rendered":"<p>La Asociaci\u00f3n de M\u00e9dicos de la Rep\u00fablica Argentina (AMRA) present\u00f3 una denuncia formal ante el Ministerio de Salud de Santa Fe por la situaci\u00f3n que atraviesa el Hospital Regional de Vera, donde, seg\u00fan indic\u00f3, no hay m\u00e9dico anestesi\u00f3logo permanente y el quir\u00f3fano solo est\u00e1 disponible dos d\u00edas por semana. La nota fue dirigida a la [&hellip;]<\/p>\n","protected":false},"author":3,"featured_media":71653,"comment_status":"open","ping_status":"open","sticky":false,"template":"","format":"standard","meta":{"_joinchat":[],"footnotes":""},"categories":[56],"tags":[],"class_list":{"0":"post-71652","1":"post","2":"type-post","3":"status-publish","4":"format-standard","5":"has-post-thumbnail","7":"category-destacados"},"_links":{"self":[{"href":"https:\/\/infovera.com.ar\/web\/wp-json\/wp\/v2\/posts\/71652","targetHints":{"allow":["GET"]}}],"collection":[{"href":"https:\/\/infovera.com.ar\/web\/wp-json\/wp\/v2\/posts"}],"about":[{"href":"https:\/\/infovera.com.ar\/web\/wp-json\/wp\/v2\/types\/post"}],"author":[{"embeddable":true,"href":"https:\/\/infovera.com.ar\/web\/wp-json\/wp\/v2\/users\/3"}],"replies":[{"embeddable":true,"href":"https:\/\/infovera.com.ar\/web\/wp-json\/wp\/v2\/comments?post=71652"}],"version-history":[{"count":3,"href":"https:\/\/infovera.com.ar\/web\/wp-json\/wp\/v2\/posts\/71652\/revisions"}],"predecessor-version":[{"id":71662,"href":"https:\/\/infovera.com.ar\/web\/wp-json\/wp\/v2\/posts\/71652\/revisions\/71662"}],"wp:featuredmedia":[{"embeddable":true,"href":"https:\/\/infovera.com.ar\/web\/wp-json\/wp\/v2\/media\/71653"}],"wp:attachment":[{"href":"https:\/\/infovera.com.ar\/web\/wp-json\/wp\/v2\/media?parent=71652"}],"wp:term":[{"taxonomy":"category","embeddable":true,"href":"https:\/\/infovera.com.ar\/web\/wp-json\/wp\/v2\/categories?post=71652"},{"taxonomy":"post_tag","embeddable":true,"href":"https:\/\/infovera.com.ar\/web\/wp-json\/wp\/v2\/tags?post=71652"}],"curies":[{"name":"wp","href":"https:\/\/api.w.org\/{rel}","templated":true}]}}