{"id":71649,"date":"2026-04-27T17:46:03","date_gmt":"2026-04-27T20:46:03","guid":{"rendered":"https:\/\/infovera.com.ar\/web\/?p=71649"},"modified":"2026-04-27T17:46:03","modified_gmt":"2026-04-27T20:46:03","slug":"cara-la-jodita-la-reaccion-del-primer-padre-notificado-por-el-gobierno-por-el-costo-del-operativo-por-amenazas-a-escuelas","status":"publish","type":"post","link":"https:\/\/infovera.com.ar\/web\/2026\/04\/27\/cara-la-jodita-la-reaccion-del-primer-padre-notificado-por-el-gobierno-por-el-costo-del-operativo-por-amenazas-a-escuelas\/","title":{"rendered":"\u201cCara la jodita\u201d: la reacci\u00f3n del primer padre notificado por el Gobierno por el costo del operativo por amenazas a escuelas"},"content":{"rendered":"<p><strong>Este lunes se entreg\u00f3 la primera notificaci\u00f3n, por un total de 6.024.944 pesos, a una de las \u201cm\u00e1s de 70 personas identificadas en 58 hechos\u201d, seg\u00fan detall\u00f3 el ministro Pablo Cococcioni. Adem\u00e1s, precis\u00f3 que \u201cen los pr\u00f3ximos d\u00edas, a medida que la Fiscal\u00eda valide las identidades de los autores de las amenazas, se identificar\u00e1 a los responsables y se ir\u00e1n cursando las intimaciones\u201d. Y aclar\u00f3: \u201cNo es ni un peso m\u00e1s ni un peso menos que el costo exacto del operativo\u201d.<\/strong><\/p>\n<p>El ministro de Justicia y Seguridad de Santa Fe, Pablo Cococcioni, brind\u00f3 detalles sobre la primera notificaci\u00f3n enviada a personas identificadas como responsables de amenazas a escuelas de la provincia, en el marco de una acci\u00f3n patrimonial y administrativa orientada a recuperar los gastos ocasionados por los operativos. El procedimiento contempla la identificaci\u00f3n de los adultos responsables y la posterior intimaci\u00f3n de pago por los costos de cada intervenci\u00f3n.<\/p>\n<p>Al respecto, el funcionario explic\u00f3 que \u201choy se despach\u00f3 la primera comisi\u00f3n policial para notificar la primera intimaci\u00f3n, en el marco de la resoluci\u00f3n dictada para el recupero de los costos de los operativos que se despliegan a partir de llamadas por amenazas en establecimientos educativos\u201d. En el procedimiento realizado por la Polic\u00eda esta ma\u00f1ana, la agente policial inform\u00f3 al padre sobre el detalle de la notificaci\u00f3n. En ese momento, el padre reaccion\u00f3 con la expresi\u00f3n: \u201cCara la jodita\u201d.<\/p>\n<p>El ministro, en la conferencia de la tarde, detall\u00f3, adem\u00e1s, que la notificaci\u00f3n se realiz\u00f3 en la ciudad de Santa Fe \u201ca ambos padres de una persona menor de edad identificada como autora de una de estas amenazas\u201d, por un monto total de 6.024.944 pesos, que deber\u00e1n abonar en calidad de responsables solidarios. \u201cDurante el d\u00eda se estar\u00e1n despachando nuevas intimaciones\u201d, a\u00f1adi\u00f3.<\/p>\n<p>Las notificaciones detallan el monto de la deuda y los medios de pago, con la expectativa de que los responsables asuman voluntariamente las consecuencias del hecho cometido por sus hijos, en la mayor\u00eda de los casos. El plazo para abonar es de cinco d\u00edas; vencido ese t\u00e9rmino, los antecedentes se giran a la Fiscal\u00eda de Estado.<\/p>\n<p>Cococcioni indic\u00f3 que ya se identific\u00f3 a los responsables de 58 hechos, lo que implica \u201cm\u00e1s de 70 personas involucradas\u201d, dado que en algunos casos hay m\u00e1s de un autor o m\u00e1s de un adulto responsable. \u201cA medida que la Fiscal\u00eda valida las identidades -sean mayores o menores, punibles o no- se identifica a los responsables y autom\u00e1ticamente se emiten las intimaciones\u201d, explic\u00f3.<\/p>\n<p><strong>250 millones de pesos<\/strong><\/p>\n<p>Seg\u00fan estimaciones oficiales, con la identificaci\u00f3n de los autores de estos 58 hechos y de los adultos responsables, el monto total reclamado superar\u00eda los 250 millones de pesos. \u201cEs una cifra inicial que se ir\u00e1 incrementando, ya que cada nueva validaci\u00f3n de la Fiscal\u00eda activa el mismo procedimiento\u201d, se\u00f1al\u00f3 el ministro.<\/p>\n<p>En este sentido, aclar\u00f3 que se trata de \u201cuna indemnizaci\u00f3n civil por el resarcimiento del da\u00f1o\u201d, desvinculada de cualquier sanci\u00f3n penal. \u201cNo es una multa ni una pena: es una deuda civil que se ejecuta conforme al C\u00f3digo Civil y Comercial y al C\u00f3digo Procesal Civil y Comercial de Santa Fe, lo que permite, por ejemplo, embargar sueldos o inhibir bienes\u201d, precis\u00f3.<\/p>\n<p>Por \u00faltimo, el ministro explic\u00f3 que el monto se calcula en funci\u00f3n de los recursos policiales afectados en cada operativo: combustible, veh\u00edculos, brigadas especializadas -como las de explosivos- y horas de servicio. \u201cNo es ni un peso m\u00e1s ni un peso menos que el costo exacto que el operativo tuvo para los santafesinos. Hay que ser muy conscientes y cuidar los recursos\u201d, concluy\u00f3.<\/p>\n","protected":false},"excerpt":{"rendered":"<p>Este lunes se entreg\u00f3 la primera notificaci\u00f3n, por un total de 6.024.944 pesos, a una de las \u201cm\u00e1s de 70 personas identificadas en 58 hechos\u201d, seg\u00fan detall\u00f3 el ministro Pablo Cococcioni. Adem\u00e1s, precis\u00f3 que \u201cen los pr\u00f3ximos d\u00edas, a medida que la Fiscal\u00eda valide las identidades de los autores de las amenazas, se identificar\u00e1 a [&hellip;]<\/p>\n","protected":false},"author":3,"featured_media":71650,"comment_status":"open","ping_status":"open","sticky":false,"template":"","format":"standard","meta":{"_joinchat":[],"footnotes":""},"categories":[60],"tags":[],"class_list":{"0":"post-71649","1":"post","2":"type-post","3":"status-publish","4":"format-standard","5":"has-post-thumbnail","7":"category-provinciales"},"_links":{"self":[{"href":"https:\/\/infovera.com.ar\/web\/wp-json\/wp\/v2\/posts\/71649","targetHints":{"allow":["GET"]}}],"collection":[{"href":"https:\/\/infovera.com.ar\/web\/wp-json\/wp\/v2\/posts"}],"about":[{"href":"https:\/\/infovera.com.ar\/web\/wp-json\/wp\/v2\/types\/post"}],"author":[{"embeddable":true,"href":"https:\/\/infovera.com.ar\/web\/wp-json\/wp\/v2\/users\/3"}],"replies":[{"embeddable":true,"href":"https:\/\/infovera.com.ar\/web\/wp-json\/wp\/v2\/comments?post=71649"}],"version-history":[{"count":1,"href":"https:\/\/infovera.com.ar\/web\/wp-json\/wp\/v2\/posts\/71649\/revisions"}],"predecessor-version":[{"id":71651,"href":"https:\/\/infovera.com.ar\/web\/wp-json\/wp\/v2\/posts\/71649\/revisions\/71651"}],"wp:featuredmedia":[{"embeddable":true,"href":"https:\/\/infovera.com.ar\/web\/wp-json\/wp\/v2\/media\/71650"}],"wp:attachment":[{"href":"https:\/\/infovera.com.ar\/web\/wp-json\/wp\/v2\/media?parent=71649"}],"wp:term":[{"taxonomy":"category","embeddable":true,"href":"https:\/\/infovera.com.ar\/web\/wp-json\/wp\/v2\/categories?post=71649"},{"taxonomy":"post_tag","embeddable":true,"href":"https:\/\/infovera.com.ar\/web\/wp-json\/wp\/v2\/tags?post=71649"}],"curies":[{"name":"wp","href":"https:\/\/api.w.org\/{rel}","templated":true}]}}