{"id":71646,"date":"2026-04-27T17:08:51","date_gmt":"2026-04-27T20:08:51","guid":{"rendered":"https:\/\/infovera.com.ar\/web\/?p=71646"},"modified":"2026-04-27T17:08:51","modified_gmt":"2026-04-27T20:08:51","slug":"fuerte-debate-sobre-la-situacion-del-fenomeno-hidrico-en-vera","status":"publish","type":"post","link":"https:\/\/infovera.com.ar\/web\/2026\/04\/27\/fuerte-debate-sobre-la-situacion-del-fenomeno-hidrico-en-vera\/","title":{"rendered":"Fuerte debate sobre la situaci\u00f3n del fen\u00f3meno h\u00eddrico en Vera"},"content":{"rendered":"<p><strong>De la reuni\u00f3n celebrada en el predio de la Sociedad Rural de Vera participaron Ignacio M\u00e1ntaras, Secretario de Agricultura y Ganader\u00eda, Facundo M\u00e9ndez, Director de Ganader\u00eda y Sanidad Animal; Nicol\u00e1s Mijich, Secretario de Asuntos H\u00eddricos,; Marcos Escajadillo, Secretario de Protecci\u00f3n Civil, Sergio Ra\u00fal Cardozo, Subadministrador de la Direcci\u00f3n Provincial de Vialidad &#8211; Zona Norte; Senador Osvaldo Sosa; Diputado Sergio Rojas, presidente y vice de la SR Carlos Chamorro y Sebasti\u00e1n Volkart, la intendente de Vera, Paula Mitre, el intendente de Calchaqu\u00ed Rub\u00e9n Cuello y presidentes comunales del interior departamental.<\/strong><\/p>\n<p>Hubo una firme postura institucional y un fuerte reclamo de productores que fueron reflejados en un informe elaborado en el transcurso del encuentro en el que se manifiesta que \u201cla coyuntura actual, caracterizada por excesos h\u00eddricos e inundaciones,\u00a0no responde a un fen\u00f3meno extraordinario, sino que es el resultado de una problem\u00e1tica estructural, hist\u00f3rica y recurrente, agravada por la falta de obras de mantenimiento y limpieza de canales, el deterioro de la red vial rural y la insuficiente infraestructura h\u00eddrica\u201d.<\/p>\n<p>Ante este panorama la SRV solicit\u00f3 \u201cinformaci\u00f3n concreta sobre las acciones en ejecuci\u00f3n y planificaci\u00f3n futura, as\u00ed como explicaciones respecto a la falta de intervenciones durante el per\u00edodo de sequ\u00eda. Resulta indispensable avanzar con medidas inmediatas que garanticen la transitabilidad y conectividad del territorio\u201d.<\/p>\n<p>Se pidi\u00f3 tambi\u00e9n una evaluaci\u00f3n integral del estado del tendido el\u00e9ctrico, mayor capacidad operativa para atender contingencias y el an\u00e1lisis de obras estrat\u00e9gicas como la conexi\u00f3n de la estaci\u00f3n transformadora con la l\u00ednea de la Ruta 83 S, ya que el servicio es totalmente ineficiente y castiga a los pobladores de la zona rural que deben soportar los prolongados cortes con las habituales consecuencias.<\/p>\n<p>Solicit\u00f3 \u201cla exenci\u00f3n del pago para los productores afectados, en virtud de la falta de contraprestaci\u00f3n efectiva de servicios en el actual contexto de emergencia\u201d.<br \/>\nConsideran necesario \u201cdetallar las medidas vigentes, facilitar su acceso y gestionar la homologaci\u00f3n de la emergencia a nivel nacional, a fin de garantizar un alivio fiscal real y efectivo\u201d.<\/p>\n<p>Reiteraron \u201cla necesidad de agilizar y simplificar los procesos administrativos para la emisi\u00f3n de certificados de emergencia, permitiendo el acceso oportuno a los beneficios correspondientes\u201d.<\/p>\n<p>Con respecto al financiamiento productivo pidieron informaci\u00f3n sobre l\u00edneas de cr\u00e9dito disponibles, condiciones de acceso y mecanismos de gesti\u00f3n, asegurando que las mismas sean acordes a la situaci\u00f3n actual.<\/p>\n<p>En cuanto a Educaci\u00f3n y salud rural, la entidad advierte sobre el aislamiento de comunidades rurales, lo cual compromete el acceso a estos servicios esenciales.<\/p>\n<p>Asimismo, plantearon la necesidad de adoptar\u00a0medidas urgentes de corto plazo, entre ellas: Flexibilizaci\u00f3n de requisitos sanitarios y administrativos en situaciones de emergencia, Simplificaci\u00f3n de tr\u00e1mites para el traslado de hacienda, Implementaci\u00f3n de corrales de encierre temporarios para peque\u00f1os productores, Coordinaci\u00f3n con fuerzas de seguridad para garantizar el tr\u00e1nsito seguro de animales en rutas, La situaci\u00f3n actual del productor ganadero es cr\u00edtica: traslados forzados de hacienda, incremento de costos, p\u00e9rdidas productivas y ventas obligadas que derivan en descapitalizaci\u00f3n. El Departamento Vera, con m\u00e1s de 22.300 km\u00b2, requiere\u00a0decisiones pol\u00edticas firmes, acciones inmediatas y planificaci\u00f3n a largo plazo\u00a0para resolver definitivamente una problem\u00e1tica que lleva d\u00e9cadas sin soluci\u00f3n.<\/p>\n<p>Al cierre de la reuni\u00f3n y escuchadas todas las voces se arrib\u00f3 a la conclusi\u00f3n de que la situaci\u00f3n amerita actuar con organizaci\u00f3n y en coordinaci\u00f3n con los responsables territoriales de cada distrito, presidentes comunales, que son quienes mejor conocen la realidad.<\/p>\n<p>Letyana Press<\/p>\n","protected":false},"excerpt":{"rendered":"<p>De la reuni\u00f3n celebrada en el predio de la Sociedad Rural de Vera participaron Ignacio M\u00e1ntaras, Secretario de Agricultura y Ganader\u00eda, Facundo M\u00e9ndez, Director de Ganader\u00eda y Sanidad Animal; Nicol\u00e1s Mijich, Secretario de Asuntos H\u00eddricos,; Marcos Escajadillo, Secretario de Protecci\u00f3n Civil, Sergio Ra\u00fal Cardozo, Subadministrador de la Direcci\u00f3n Provincial de Vialidad &#8211; Zona Norte; Senador [&hellip;]<\/p>\n","protected":false},"author":3,"featured_media":71647,"comment_status":"open","ping_status":"open","sticky":false,"template":"","format":"standard","meta":{"_joinchat":[],"footnotes":""},"categories":[56],"tags":[],"class_list":{"0":"post-71646","1":"post","2":"type-post","3":"status-publish","4":"format-standard","5":"has-post-thumbnail","7":"category-destacados"},"_links":{"self":[{"href":"https:\/\/infovera.com.ar\/web\/wp-json\/wp\/v2\/posts\/71646","targetHints":{"allow":["GET"]}}],"collection":[{"href":"https:\/\/infovera.com.ar\/web\/wp-json\/wp\/v2\/posts"}],"about":[{"href":"https:\/\/infovera.com.ar\/web\/wp-json\/wp\/v2\/types\/post"}],"author":[{"embeddable":true,"href":"https:\/\/infovera.com.ar\/web\/wp-json\/wp\/v2\/users\/3"}],"replies":[{"embeddable":true,"href":"https:\/\/infovera.com.ar\/web\/wp-json\/wp\/v2\/comments?post=71646"}],"version-history":[{"count":1,"href":"https:\/\/infovera.com.ar\/web\/wp-json\/wp\/v2\/posts\/71646\/revisions"}],"predecessor-version":[{"id":71648,"href":"https:\/\/infovera.com.ar\/web\/wp-json\/wp\/v2\/posts\/71646\/revisions\/71648"}],"wp:featuredmedia":[{"embeddable":true,"href":"https:\/\/infovera.com.ar\/web\/wp-json\/wp\/v2\/media\/71647"}],"wp:attachment":[{"href":"https:\/\/infovera.com.ar\/web\/wp-json\/wp\/v2\/media?parent=71646"}],"wp:term":[{"taxonomy":"category","embeddable":true,"href":"https:\/\/infovera.com.ar\/web\/wp-json\/wp\/v2\/categories?post=71646"},{"taxonomy":"post_tag","embeddable":true,"href":"https:\/\/infovera.com.ar\/web\/wp-json\/wp\/v2\/tags?post=71646"}],"curies":[{"name":"wp","href":"https:\/\/api.w.org\/{rel}","templated":true}]}}