{"id":71631,"date":"2026-04-27T10:47:13","date_gmt":"2026-04-27T13:47:13","guid":{"rendered":"https:\/\/infovera.com.ar\/web\/?p=71631"},"modified":"2026-04-27T10:47:13","modified_gmt":"2026-04-27T13:47:13","slug":"culmino-el-primer-torneo-2026-en-alavera-padel-club-con-cerca-de-200-jugadores","status":"publish","type":"post","link":"https:\/\/infovera.com.ar\/web\/2026\/04\/27\/culmino-el-primer-torneo-2026-en-alavera-padel-club-con-cerca-de-200-jugadores\/","title":{"rendered":"Culmin\u00f3 el Primer Torneo 2026 en ALAVERA P\u00c1DEL CLUB con cerca de 200 jugadores"},"content":{"rendered":"<p><strong>ALAVERA P\u00c1DEL CLUB culmin\u00f3 con \u00e9xito el Primer Torneo 2026.<\/strong><\/p>\n<p>&#8220;Fue una semana incre\u00edble donde recibimos 95 parejas (190 jugadores), brindando un espect\u00e1culo padel\u00edstico de primer nivel&#8221;, expresaron los organizadores.<\/p>\n<p>A su vez, agradecieron a &#8220;todos los jugadores que formaron parte del torneo, al p\u00fablico que acompa\u00f1\u00f3 durante toda la semana y a cada persona que hizo posible este gran evento&#8221;<\/p>\n<p>&#8220;Esto reci\u00e9n comienza\u2026 Los esperamos en el pr\u00f3ximo torneo. Muy pronto estaremos anunciando novedades&#8221;.<\/p>\n<p><strong>\ud83d\udcb0 PREMIOS POR CATEGOR\u00cdA \u2013 $600.000<\/strong><\/p>\n<p>\ud83e\udd47 Campe\u00f3n: $330.000 + trofeo<br \/>\n\ud83e\udd48 Subcampe\u00f3n: $200.000 + trofeo<br \/>\n\ud83e\udd49 Tercer puesto: $70.000 + trofeo<\/p>\n<p><strong>Categor\u00eda +9<\/strong><br \/>\n\ud83e\udd47Lucas bBorovach \/ Gino Faccioli<br \/>\n\ud83e\udd48Patri Irale \/ Leo Muga<br \/>\n\ud83e\udd49Fede Chiani \/ Tom\u00e1s Taboada<\/p>\n<p><strong>Categor\u00eda 6ta<\/strong><br \/>\n\ud83e\udd47Lautaro Borca \/ Mariano Su\u00e1rez<br \/>\n\ud83e\udd48Melli G\u00f3mez \/ Lula Beccaria<br \/>\n\ud83e\udd49Ale Mu\u00f1oz \/ Agu Monteblack<\/p>\n<p><strong>Categor\u00eda 7ma<\/strong><br \/>\n\ud83e\udd47Camil Mehagout\/ J. M. Olivera<br \/>\n\ud83e\udd48Tom\u00e1s Ramos \/ Facu Borovach<br \/>\n\ud83e\udd49Juan Camilo Gonz\u00e1lez\/ Mat\u00edas Moor<\/p>\n<p><strong>Categor\u00eda 8va<\/strong><br \/>\n\ud83e\udd47Juanjo Malague\u00f1o\/Mat\u00edas Luque<br \/>\n\ud83e\udd48Walter Mendoza\/Fede Salinas<br \/>\n\ud83e\udd49Nazir Ram\u00edrez\/Marce Ram\u00edrez<\/p>\n<p><strong>Categor\u00eda principiantes mujeres<\/strong><br \/>\n\ud83e\udd47Agustina novillo\/Anal\u00ed Macuglia<br \/>\n\ud83e\udd48Cande Su\u00e1rez\/Malena Odiante<br \/>\n\ud83e\udd49Maru Borrego\/Camila Yuquich<\/p>\n<p>Gracias a todos por formar parte de ALAVERA P\u00c1DEL, nos vemos en el pr\u00f3ximo torneo.<\/p>\n<div id='gallery-1' class='gallery galleryid-71631 gallery-columns-3 gallery-size-thumbnail'><figure class='gallery-item'>\n\t\t\t<div class='gallery-icon portrait'>\n\t\t\t\t<a href='https:\/\/infovera.com.ar\/web\/2026\/04\/27\/culmino-el-primer-torneo-2026-en-alavera-padel-club-con-cerca-de-200-jugadores\/al-2\/'><img loading=\"lazy\" decoding=\"async\" width=\"113\" height=\"150\" src=\"https:\/\/infovera.com.ar\/web\/wp-content\/uploads\/2026\/04\/AL-2.png\" class=\"attachment-thumbnail size-thumbnail\" alt=\"\" srcset=\"https:\/\/infovera.com.ar\/web\/wp-content\/uploads\/2026\/04\/AL-2.png 1200w, https:\/\/infovera.com.ar\/web\/wp-content\/uploads\/2026\/04\/AL-2-315x420.png 315w, https:\/\/infovera.com.ar\/web\/wp-content\/uploads\/2026\/04\/AL-2-696x928.png 696w, https:\/\/infovera.com.ar\/web\/wp-content\/uploads\/2026\/04\/AL-2-1068x1424.png 1068w\" sizes=\"auto, (max-width: 113px) 100vw, 113px\" \/><\/a>\n\t\t\t<\/div><\/figure><figure class='gallery-item'>\n\t\t\t<div class='gallery-icon portrait'>\n\t\t\t\t<a href='https:\/\/infovera.com.ar\/web\/2026\/04\/27\/culmino-el-primer-torneo-2026-en-alavera-padel-club-con-cerca-de-200-jugadores\/al-3\/'><img loading=\"lazy\" decoding=\"async\" width=\"113\" height=\"150\" src=\"https:\/\/infovera.com.ar\/web\/wp-content\/uploads\/2026\/04\/AL-3.jpg\" class=\"attachment-thumbnail size-thumbnail\" alt=\"\" srcset=\"https:\/\/infovera.com.ar\/web\/wp-content\/uploads\/2026\/04\/AL-3.jpg 1200w, https:\/\/infovera.com.ar\/web\/wp-content\/uploads\/2026\/04\/AL-3-315x420.jpg 315w, https:\/\/infovera.com.ar\/web\/wp-content\/uploads\/2026\/04\/AL-3-696x928.jpg 696w, https:\/\/infovera.com.ar\/web\/wp-content\/uploads\/2026\/04\/AL-3-1068x1424.jpg 1068w\" sizes=\"auto, (max-width: 113px) 100vw, 113px\" \/><\/a>\n\t\t\t<\/div><\/figure><figure class='gallery-item'>\n\t\t\t<div class='gallery-icon portrait'>\n\t\t\t\t<a href='https:\/\/infovera.com.ar\/web\/2026\/04\/27\/culmino-el-primer-torneo-2026-en-alavera-padel-club-con-cerca-de-200-jugadores\/al-4\/'><img loading=\"lazy\" decoding=\"async\" width=\"113\" height=\"150\" src=\"https:\/\/infovera.com.ar\/web\/wp-content\/uploads\/2026\/04\/AL-4.jpg\" class=\"attachment-thumbnail size-thumbnail\" alt=\"\" srcset=\"https:\/\/infovera.com.ar\/web\/wp-content\/uploads\/2026\/04\/AL-4.jpg 1200w, https:\/\/infovera.com.ar\/web\/wp-content\/uploads\/2026\/04\/AL-4-315x420.jpg 315w, https:\/\/infovera.com.ar\/web\/wp-content\/uploads\/2026\/04\/AL-4-696x928.jpg 696w, https:\/\/infovera.com.ar\/web\/wp-content\/uploads\/2026\/04\/AL-4-1068x1424.jpg 1068w\" sizes=\"auto, (max-width: 113px) 100vw, 113px\" \/><\/a>\n\t\t\t<\/div><\/figure><figure class='gallery-item'>\n\t\t\t<div class='gallery-icon portrait'>\n\t\t\t\t<a href='https:\/\/infovera.com.ar\/web\/2026\/04\/27\/culmino-el-primer-torneo-2026-en-alavera-padel-club-con-cerca-de-200-jugadores\/al-5\/'><img loading=\"lazy\" decoding=\"async\" width=\"113\" height=\"150\" src=\"https:\/\/infovera.com.ar\/web\/wp-content\/uploads\/2026\/04\/AL-5.jpg\" class=\"attachment-thumbnail size-thumbnail\" alt=\"\" srcset=\"https:\/\/infovera.com.ar\/web\/wp-content\/uploads\/2026\/04\/AL-5.jpg 1200w, https:\/\/infovera.com.ar\/web\/wp-content\/uploads\/2026\/04\/AL-5-315x420.jpg 315w, https:\/\/infovera.com.ar\/web\/wp-content\/uploads\/2026\/04\/AL-5-696x928.jpg 696w, https:\/\/infovera.com.ar\/web\/wp-content\/uploads\/2026\/04\/AL-5-1068x1424.jpg 1068w\" sizes=\"auto, (max-width: 113px) 100vw, 113px\" \/><\/a>\n\t\t\t<\/div><\/figure><figure class='gallery-item'>\n\t\t\t<div class='gallery-icon portrait'>\n\t\t\t\t<a href='https:\/\/infovera.com.ar\/web\/2026\/04\/27\/culmino-el-primer-torneo-2026-en-alavera-padel-club-con-cerca-de-200-jugadores\/al-6\/'><img loading=\"lazy\" decoding=\"async\" width=\"113\" height=\"150\" src=\"https:\/\/infovera.com.ar\/web\/wp-content\/uploads\/2026\/04\/AL-6.jpg\" class=\"attachment-thumbnail size-thumbnail\" alt=\"\" srcset=\"https:\/\/infovera.com.ar\/web\/wp-content\/uploads\/2026\/04\/AL-6.jpg 1200w, https:\/\/infovera.com.ar\/web\/wp-content\/uploads\/2026\/04\/AL-6-315x420.jpg 315w, https:\/\/infovera.com.ar\/web\/wp-content\/uploads\/2026\/04\/AL-6-696x928.jpg 696w, https:\/\/infovera.com.ar\/web\/wp-content\/uploads\/2026\/04\/AL-6-1068x1424.jpg 1068w\" sizes=\"auto, (max-width: 113px) 100vw, 113px\" \/><\/a>\n\t\t\t<\/div><\/figure><figure class='gallery-item'>\n\t\t\t<div class='gallery-icon portrait'>\n\t\t\t\t<a href='https:\/\/infovera.com.ar\/web\/2026\/04\/27\/culmino-el-primer-torneo-2026-en-alavera-padel-club-con-cerca-de-200-jugadores\/al-7\/'><img loading=\"lazy\" decoding=\"async\" width=\"113\" height=\"150\" src=\"https:\/\/infovera.com.ar\/web\/wp-content\/uploads\/2026\/04\/AL-7.jpg\" class=\"attachment-thumbnail size-thumbnail\" alt=\"\" srcset=\"https:\/\/infovera.com.ar\/web\/wp-content\/uploads\/2026\/04\/AL-7.jpg 1200w, https:\/\/infovera.com.ar\/web\/wp-content\/uploads\/2026\/04\/AL-7-315x420.jpg 315w, https:\/\/infovera.com.ar\/web\/wp-content\/uploads\/2026\/04\/AL-7-696x928.jpg 696w, https:\/\/infovera.com.ar\/web\/wp-content\/uploads\/2026\/04\/AL-7-1068x1424.jpg 1068w\" sizes=\"auto, (max-width: 113px) 100vw, 113px\" \/><\/a>\n\t\t\t<\/div><\/figure><figure class='gallery-item'>\n\t\t\t<div class='gallery-icon portrait'>\n\t\t\t\t<a href='https:\/\/infovera.com.ar\/web\/2026\/04\/27\/culmino-el-primer-torneo-2026-en-alavera-padel-club-con-cerca-de-200-jugadores\/al-8\/'><img loading=\"lazy\" decoding=\"async\" width=\"113\" height=\"150\" src=\"https:\/\/infovera.com.ar\/web\/wp-content\/uploads\/2026\/04\/AL-8.jpg\" class=\"attachment-thumbnail size-thumbnail\" alt=\"\" srcset=\"https:\/\/infovera.com.ar\/web\/wp-content\/uploads\/2026\/04\/AL-8.jpg 1200w, https:\/\/infovera.com.ar\/web\/wp-content\/uploads\/2026\/04\/AL-8-315x420.jpg 315w, https:\/\/infovera.com.ar\/web\/wp-content\/uploads\/2026\/04\/AL-8-696x928.jpg 696w, https:\/\/infovera.com.ar\/web\/wp-content\/uploads\/2026\/04\/AL-8-1068x1424.jpg 1068w\" sizes=\"auto, (max-width: 113px) 100vw, 113px\" \/><\/a>\n\t\t\t<\/div><\/figure><figure class='gallery-item'>\n\t\t\t<div class='gallery-icon portrait'>\n\t\t\t\t<a href='https:\/\/infovera.com.ar\/web\/2026\/04\/27\/culmino-el-primer-torneo-2026-en-alavera-padel-club-con-cerca-de-200-jugadores\/al-9\/'><img loading=\"lazy\" decoding=\"async\" width=\"84\" height=\"150\" src=\"https:\/\/infovera.com.ar\/web\/wp-content\/uploads\/2026\/04\/AL-9.jpg\" class=\"attachment-thumbnail size-thumbnail\" alt=\"\" srcset=\"https:\/\/infovera.com.ar\/web\/wp-content\/uploads\/2026\/04\/AL-9.jpg 900w, https:\/\/infovera.com.ar\/web\/wp-content\/uploads\/2026\/04\/AL-9-236x420.jpg 236w, https:\/\/infovera.com.ar\/web\/wp-content\/uploads\/2026\/04\/AL-9-696x1237.jpg 696w\" sizes=\"auto, (max-width: 84px) 100vw, 84px\" \/><\/a>\n\t\t\t<\/div><\/figure><figure class='gallery-item'>\n\t\t\t<div class='gallery-icon portrait'>\n\t\t\t\t<a href='https:\/\/infovera.com.ar\/web\/2026\/04\/27\/culmino-el-primer-torneo-2026-en-alavera-padel-club-con-cerca-de-200-jugadores\/al-10\/'><img loading=\"lazy\" decoding=\"async\" width=\"100\" height=\"150\" src=\"https:\/\/infovera.com.ar\/web\/wp-content\/uploads\/2026\/04\/AL-10.jpg\" class=\"attachment-thumbnail size-thumbnail\" alt=\"\" srcset=\"https:\/\/infovera.com.ar\/web\/wp-content\/uploads\/2026\/04\/AL-10.jpg 1024w, https:\/\/infovera.com.ar\/web\/wp-content\/uploads\/2026\/04\/AL-10-280x420.jpg 280w, https:\/\/infovera.com.ar\/web\/wp-content\/uploads\/2026\/04\/AL-10-696x1044.jpg 696w\" sizes=\"auto, (max-width: 100px) 100vw, 100px\" \/><\/a>\n\t\t\t<\/div><\/figure><figure class='gallery-item'>\n\t\t\t<div class='gallery-icon landscape'>\n\t\t\t\t<a href='https:\/\/infovera.com.ar\/web\/2026\/04\/27\/culmino-el-primer-torneo-2026-en-alavera-padel-club-con-cerca-de-200-jugadores\/al1\/'><img loading=\"lazy\" decoding=\"async\" width=\"150\" height=\"102\" src=\"https:\/\/infovera.com.ar\/web\/wp-content\/uploads\/2026\/04\/AL1.png\" class=\"attachment-thumbnail size-thumbnail\" alt=\"\" srcset=\"https:\/\/infovera.com.ar\/web\/wp-content\/uploads\/2026\/04\/AL1.png 1177w, https:\/\/infovera.com.ar\/web\/wp-content\/uploads\/2026\/04\/AL1-620x420.png 620w, https:\/\/infovera.com.ar\/web\/wp-content\/uploads\/2026\/04\/AL1-218x150.png 218w, https:\/\/infovera.com.ar\/web\/wp-content\/uploads\/2026\/04\/AL1-696x471.png 696w, https:\/\/infovera.com.ar\/web\/wp-content\/uploads\/2026\/04\/AL1-1068x723.png 1068w\" sizes=\"auto, (max-width: 150px) 100vw, 150px\" \/><\/a>\n\t\t\t<\/div><\/figure><figure class='gallery-item'>\n\t\t\t<div class='gallery-icon landscape'>\n\t\t\t\t<a href='https:\/\/infovera.com.ar\/web\/2026\/04\/27\/culmino-el-primer-torneo-2026-en-alavera-padel-club-con-cerca-de-200-jugadores\/tapa-ala\/'><img loading=\"lazy\" decoding=\"async\" width=\"150\" height=\"98\" src=\"https:\/\/infovera.com.ar\/web\/wp-content\/uploads\/2026\/04\/TAPA-ALA.png\" class=\"attachment-thumbnail size-thumbnail\" alt=\"\" srcset=\"https:\/\/infovera.com.ar\/web\/wp-content\/uploads\/2026\/04\/TAPA-ALA.png 1155w, https:\/\/infovera.com.ar\/web\/wp-content\/uploads\/2026\/04\/TAPA-ALA-643x420.png 643w, https:\/\/infovera.com.ar\/web\/wp-content\/uploads\/2026\/04\/TAPA-ALA-696x454.png 696w, https:\/\/infovera.com.ar\/web\/wp-content\/uploads\/2026\/04\/TAPA-ALA-1068x697.png 1068w, https:\/\/infovera.com.ar\/web\/wp-content\/uploads\/2026\/04\/TAPA-ALA-741x486.png 741w\" sizes=\"auto, (max-width: 150px) 100vw, 150px\" \/><\/a>\n\t\t\t<\/div><\/figure>\n\t\t<\/div>\n\n","protected":false},"excerpt":{"rendered":"<p>ALAVERA P\u00c1DEL CLUB culmin\u00f3 con \u00e9xito el Primer Torneo 2026. &#8220;Fue una semana incre\u00edble donde recibimos 95 parejas (190 jugadores), brindando un espect\u00e1culo padel\u00edstico de primer nivel&#8221;, expresaron los organizadores. A su vez, agradecieron a &#8220;todos los jugadores que formaron parte del torneo, al p\u00fablico que acompa\u00f1\u00f3 durante toda la semana y a cada persona [&hellip;]<\/p>\n","protected":false},"author":3,"featured_media":71632,"comment_status":"open","ping_status":"open","sticky":false,"template":"","format":"standard","meta":{"_joinchat":[],"footnotes":""},"categories":[31,56],"tags":[],"class_list":{"0":"post-71631","1":"post","2":"type-post","3":"status-publish","4":"format-standard","5":"has-post-thumbnail","7":"category-deportes","8":"category-destacados"},"_links":{"self":[{"href":"https:\/\/infovera.com.ar\/web\/wp-json\/wp\/v2\/posts\/71631","targetHints":{"allow":["GET"]}}],"collection":[{"href":"https:\/\/infovera.com.ar\/web\/wp-json\/wp\/v2\/posts"}],"about":[{"href":"https:\/\/infovera.com.ar\/web\/wp-json\/wp\/v2\/types\/post"}],"author":[{"embeddable":true,"href":"https:\/\/infovera.com.ar\/web\/wp-json\/wp\/v2\/users\/3"}],"replies":[{"embeddable":true,"href":"https:\/\/infovera.com.ar\/web\/wp-json\/wp\/v2\/comments?post=71631"}],"version-history":[{"count":1,"href":"https:\/\/infovera.com.ar\/web\/wp-json\/wp\/v2\/posts\/71631\/revisions"}],"predecessor-version":[{"id":71643,"href":"https:\/\/infovera.com.ar\/web\/wp-json\/wp\/v2\/posts\/71631\/revisions\/71643"}],"wp:featuredmedia":[{"embeddable":true,"href":"https:\/\/infovera.com.ar\/web\/wp-json\/wp\/v2\/media\/71632"}],"wp:attachment":[{"href":"https:\/\/infovera.com.ar\/web\/wp-json\/wp\/v2\/media?parent=71631"}],"wp:term":[{"taxonomy":"category","embeddable":true,"href":"https:\/\/infovera.com.ar\/web\/wp-json\/wp\/v2\/categories?post=71631"},{"taxonomy":"post_tag","embeddable":true,"href":"https:\/\/infovera.com.ar\/web\/wp-json\/wp\/v2\/tags?post=71631"}],"curies":[{"name":"wp","href":"https:\/\/api.w.org\/{rel}","templated":true}]}}