{"id":71628,"date":"2026-04-27T10:35:29","date_gmt":"2026-04-27T13:35:29","guid":{"rendered":"https:\/\/infovera.com.ar\/web\/?p=71628"},"modified":"2026-04-27T10:35:29","modified_gmt":"2026-04-27T13:35:29","slug":"drama-hidrico-en-el-paraje-la-ciguena","status":"publish","type":"post","link":"https:\/\/infovera.com.ar\/web\/2026\/04\/27\/drama-hidrico-en-el-paraje-la-ciguena\/","title":{"rendered":"Drama h\u00eddrico en el paraje La Cig\u00fce\u00f1a"},"content":{"rendered":"<p><strong>M\u00e1s de 400 mil\u00edmetros de lluvia anegaron una vasta regi\u00f3n del norte santafesino, dejando al descubierto la fragilidad de la infraestructura rural. En el paraje La Cig\u00fce\u00f1a, entre Vera y Tostado, familias enteras enfrentan un escenario desolador mientras esperan respuestas urgentes.<\/strong><\/p>\n<p>A unos 80 kil\u00f3metros de Vera y a igual distancia de la ciudad de Tostado, el paraje La Cig\u00fce\u00f1a se convirti\u00f3 en el epicentro de una postal que mezcla impotencia, resistencia y abandono. All\u00ed, donde el horizonte suele ser infinito y el silencio del campo marca el pulso de la vida cotidiana, el agua irrumpi\u00f3 con una violencia inusitada y cambi\u00f3 todo.<\/p>\n<p>M\u00e1s de 400 mil\u00edmetros de lluvia cayeron sobre la regi\u00f3n en pocos d\u00edas, una cifra que por s\u00ed sola grafica la magnitud del fen\u00f3meno. Sin embargo, el verdadero impacto se mide en la vida de quienes habitan esa geograf\u00eda: caminos intransitables, campos anegados, animales en riesgo y una sensaci\u00f3n creciente de aislamiento.<\/p>\n<p>La imagen que acompa\u00f1a esta historia no necesita demasiadas palabras. Dar\u00edo y su hijo Ezequiel recorren cada jornada los campos montados a caballo, acompa\u00f1ados por sus perros, intentando dimensionar una realidad que los golpea de frente. Lo hacen con la entereza de quienes no tienen otra opci\u00f3n que seguir, aun cuando el paisaje parece repetir una y otra vez la misma escena: agua, m\u00e1s agua y un futuro inmediato cargado de incertidumbre.<\/p>\n<p><strong>Consecuencias presentes<\/strong><\/p>\n<p>El drama no es nuevo, aunque esta vez se haya manifestado con mayor crudeza. Los habitantes de la zona coinciden en se\u00f1alar que el problema no radica \u00fanicamente en la intensidad de las lluvias, sino en la falta de obras adecuadas para canalizar y drenar el excedente h\u00eddrico.<\/p>\n<p>Canales de desag\u00fce en mal estado, alcantarillas deterioradas y trabajos inconclusos conforman un combo que agrava cualquier evento clim\u00e1tico adverso. As\u00ed, lo que podr\u00eda ser una situaci\u00f3n manejable se transforma en un escenario dantesco, donde el agua queda estancada y avanza sin control sobre campos y caminos.<\/p>\n<p>La acumulaci\u00f3n no solo proviene de las precipitaciones locales, sino tambi\u00e9n del escurrimiento de zonas vecinas igualmente afectadas. El resultado es un sistema colapsado, incapaz de dar respuesta a la magnitud del problema. Y en ese contexto, cada mil\u00edmetro de m\u00e1s se convierte en una amenaza.<\/p>\n<p>Para quienes viven y trabajan en el campo, las consecuencias son inmediatas. Los animales, principal sustento econ\u00f3mico, quedan atrapados en terrenos inundados, con escaso acceso a alimento. La log\u00edstica diaria se vuelve una odisea y el desgaste emocional comienza a hacerse sentir con fuerza.<\/p>\n<p><strong>La urgencia de respuestas concretas<\/strong><\/p>\n<p>Hoy, el clima ofrece una tregua. El cielo se muestra m\u00e1s benigno y una leve brisa trae algo de alivio. Pero la calma es apenas superficial. El agua sigue ah\u00ed, estancada, marcando el ritmo de una emergencia que no se resuelve con el simple paso de los d\u00edas.<\/p>\n<p>En La Cig\u00fce\u00f1a y en toda la regi\u00f3n afectada, la demanda es clara: soluciones urgentes. No se trata solo de asistir en la emergencia, sino de encarar obras estructurales que eviten que esta historia se repita cada vez que el clima decide golpear con fuerza.<\/p>\n<p>Las autoridades competentes tienen ante s\u00ed un desaf\u00edo que no admite dilaciones. La planificaci\u00f3n h\u00eddrica, el mantenimiento de canales y la ejecuci\u00f3n de obras pendientes son aspectos clave para cambiar una realidad que hoy aparece como inmodificable.<\/p>\n<p>El norte santafesino, tantas veces postergado, vuelve a levantar la voz. Porque detr\u00e1s de cada campo inundado hay familias, hay trabajo, hay historia. Y tambi\u00e9n hay un reclamo que se hace cada vez m\u00e1s dif\u00edcil de ignorar.<\/p>\n<p>Mientras tanto, Dar\u00edo y Ezequiel siguen su rutina. Salen cada d\u00eda, recorren, observan y resisten. Conviven con la angustia de un clima que no da tregua y con la incertidumbre de no saber cu\u00e1ndo llegar\u00e1 la soluci\u00f3n. Su imagen, recortada sobre un paisaje cubierto de agua, sintetiza mejor que cualquier discurso la dimensi\u00f3n del problema.<br \/>\nQue no parezca poco. Porque no lo es. Porque el norte tambi\u00e9n existe y hoy necesita, m\u00e1s que nunca, respuestas a la altura de su gente.<\/p>\n<p>Por Juan Carlos Haberkon &#8211; El Litoral<\/p>\n","protected":false},"excerpt":{"rendered":"<p>M\u00e1s de 400 mil\u00edmetros de lluvia anegaron una vasta regi\u00f3n del norte santafesino, dejando al descubierto la fragilidad de la infraestructura rural. En el paraje La Cig\u00fce\u00f1a, entre Vera y Tostado, familias enteras enfrentan un escenario desolador mientras esperan respuestas urgentes. A unos 80 kil\u00f3metros de Vera y a igual distancia de la ciudad de [&hellip;]<\/p>\n","protected":false},"author":3,"featured_media":71629,"comment_status":"open","ping_status":"open","sticky":false,"template":"","format":"standard","meta":{"_joinchat":[],"footnotes":""},"categories":[56],"tags":[],"class_list":{"0":"post-71628","1":"post","2":"type-post","3":"status-publish","4":"format-standard","5":"has-post-thumbnail","7":"category-destacados"},"_links":{"self":[{"href":"https:\/\/infovera.com.ar\/web\/wp-json\/wp\/v2\/posts\/71628","targetHints":{"allow":["GET"]}}],"collection":[{"href":"https:\/\/infovera.com.ar\/web\/wp-json\/wp\/v2\/posts"}],"about":[{"href":"https:\/\/infovera.com.ar\/web\/wp-json\/wp\/v2\/types\/post"}],"author":[{"embeddable":true,"href":"https:\/\/infovera.com.ar\/web\/wp-json\/wp\/v2\/users\/3"}],"replies":[{"embeddable":true,"href":"https:\/\/infovera.com.ar\/web\/wp-json\/wp\/v2\/comments?post=71628"}],"version-history":[{"count":1,"href":"https:\/\/infovera.com.ar\/web\/wp-json\/wp\/v2\/posts\/71628\/revisions"}],"predecessor-version":[{"id":71630,"href":"https:\/\/infovera.com.ar\/web\/wp-json\/wp\/v2\/posts\/71628\/revisions\/71630"}],"wp:featuredmedia":[{"embeddable":true,"href":"https:\/\/infovera.com.ar\/web\/wp-json\/wp\/v2\/media\/71629"}],"wp:attachment":[{"href":"https:\/\/infovera.com.ar\/web\/wp-json\/wp\/v2\/media?parent=71628"}],"wp:term":[{"taxonomy":"category","embeddable":true,"href":"https:\/\/infovera.com.ar\/web\/wp-json\/wp\/v2\/categories?post=71628"},{"taxonomy":"post_tag","embeddable":true,"href":"https:\/\/infovera.com.ar\/web\/wp-json\/wp\/v2\/tags?post=71628"}],"curies":[{"name":"wp","href":"https:\/\/api.w.org\/{rel}","templated":true}]}}