{"id":71619,"date":"2026-04-26T21:03:48","date_gmt":"2026-04-27T00:03:48","guid":{"rendered":"https:\/\/infovera.com.ar\/web\/?p=71619"},"modified":"2026-04-26T21:48:42","modified_gmt":"2026-04-27T00:48:42","slug":"imputaron-a-tres-correntinos-por-intentar-comprar-una-lancha-con-cheques-apocrifos-en-un-comercio-de-reconquista","status":"publish","type":"post","link":"https:\/\/infovera.com.ar\/web\/2026\/04\/26\/imputaron-a-tres-correntinos-por-intentar-comprar-una-lancha-con-cheques-apocrifos-en-un-comercio-de-reconquista\/","title":{"rendered":"Imputaron a tres correntinos por intentar comprar una lancha con cheques ap\u00f3crifos en un comercio de Reconquista"},"content":{"rendered":"<p><strong>Se trata de Cristian Javier Ruggero, Nicol\u00e1s Quintana y Carlos Facundo Leyes quienes fueron imputados por el fiscal Dr. Sebasti\u00e1n Marichal por el delito de estafa en grado de tentativa.<\/strong><\/p>\n<p>El hecho ocurri\u00f3 el 14 de abril en el local de Todo Comercial ubicado en Yrigoyen y Sarmiento.<\/p>\n<p>Primero realizaron una llamada, con otra identidad, para la compra de una embarcaci\u00f3n y una moto de agua.<\/p>\n<p>Luego, se presentaron personalmente para hacer la operaci\u00f3n y entregaron tres cheques: de 32 millones, 21 millones y otro de 21 millones de distintos bancos .<\/p>\n<p>El propietario corrobor\u00f3 en el Banco Macro los cheques y la respuesta que recibi\u00f3 es que eran ap\u00f3crifos.<\/p>\n<p>Por lo que cuando se presentaron nuevamente en el comercio, ya se hab\u00eda apersonado personal policial que procedi\u00f3 a detenerlos<\/p>\n<p>Se movilizaban en una Renault Kangoo que qued\u00f3 secuestrada.<\/p>\n<p>En la audiencia de medida cautelar las partes acordaron una libertad con restricciones; establecieron domicilio en Corrientes y Resistencia con guardadores.<\/p>\n<p>Deber\u00e1n presentarse en la comisar\u00eda de su jurisdicci\u00f3n para establecer su estad\u00eda.<\/p>\n<p>Entre otros puntos, no podr\u00e1n acercarse a las v\u00edctimas y podr\u00e1n ingresar a Reconquista solamente si la justicia los requiere.<\/p>\n<p>Ofrecieron como fianza el veh\u00edculo en que se movilizaban.<\/p>\n","protected":false},"excerpt":{"rendered":"<p>Se trata de Cristian Javier Ruggero, Nicol\u00e1s Quintana y Carlos Facundo Leyes quienes fueron imputados por el fiscal Dr. Sebasti\u00e1n Marichal por el delito de estafa en grado de tentativa. El hecho ocurri\u00f3 el 14 de abril en el local de Todo Comercial ubicado en Yrigoyen y Sarmiento. Primero realizaron una llamada, con otra identidad, [&hellip;]<\/p>\n","protected":false},"author":3,"featured_media":71620,"comment_status":"open","ping_status":"open","sticky":false,"template":"","format":"standard","meta":{"_joinchat":[],"footnotes":""},"categories":[56],"tags":[],"class_list":{"0":"post-71619","1":"post","2":"type-post","3":"status-publish","4":"format-standard","5":"has-post-thumbnail","7":"category-destacados"},"_links":{"self":[{"href":"https:\/\/infovera.com.ar\/web\/wp-json\/wp\/v2\/posts\/71619","targetHints":{"allow":["GET"]}}],"collection":[{"href":"https:\/\/infovera.com.ar\/web\/wp-json\/wp\/v2\/posts"}],"about":[{"href":"https:\/\/infovera.com.ar\/web\/wp-json\/wp\/v2\/types\/post"}],"author":[{"embeddable":true,"href":"https:\/\/infovera.com.ar\/web\/wp-json\/wp\/v2\/users\/3"}],"replies":[{"embeddable":true,"href":"https:\/\/infovera.com.ar\/web\/wp-json\/wp\/v2\/comments?post=71619"}],"version-history":[{"count":1,"href":"https:\/\/infovera.com.ar\/web\/wp-json\/wp\/v2\/posts\/71619\/revisions"}],"predecessor-version":[{"id":71621,"href":"https:\/\/infovera.com.ar\/web\/wp-json\/wp\/v2\/posts\/71619\/revisions\/71621"}],"wp:featuredmedia":[{"embeddable":true,"href":"https:\/\/infovera.com.ar\/web\/wp-json\/wp\/v2\/media\/71620"}],"wp:attachment":[{"href":"https:\/\/infovera.com.ar\/web\/wp-json\/wp\/v2\/media?parent=71619"}],"wp:term":[{"taxonomy":"category","embeddable":true,"href":"https:\/\/infovera.com.ar\/web\/wp-json\/wp\/v2\/categories?post=71619"},{"taxonomy":"post_tag","embeddable":true,"href":"https:\/\/infovera.com.ar\/web\/wp-json\/wp\/v2\/tags?post=71619"}],"curies":[{"name":"wp","href":"https:\/\/api.w.org\/{rel}","templated":true}]}}