{"id":71611,"date":"2026-04-26T11:25:47","date_gmt":"2026-04-26T14:25:47","guid":{"rendered":"https:\/\/infovera.com.ar\/web\/?p=71611"},"modified":"2026-04-26T11:25:47","modified_gmt":"2026-04-26T14:25:47","slug":"calchaqui-secuestraron-una-moto-por-maniobras-peligrosas-y-multiples-infracciones","status":"publish","type":"post","link":"https:\/\/infovera.com.ar\/web\/2026\/04\/26\/calchaqui-secuestraron-una-moto-por-maniobras-peligrosas-y-multiples-infracciones\/","title":{"rendered":"Calchaqu\u00ed: secuestraron una moto por maniobras peligrosas y m\u00faltiples infracciones"},"content":{"rendered":"<p><strong>Personal policial de la Unidad Regional XIX secuestr\u00f3 una motocicleta en la ciudad de Calchaqu\u00ed, en el marco de un operativo preventivo realizado durante la ma\u00f1ana del s\u00e1bado.<\/strong><\/p>\n<p>Seg\u00fan se inform\u00f3, efectivos del Comando Radioel\u00e9ctrico Zona Sur patrullaban la ciudad cuando detectaron un motoveh\u00edculo Honda Wave que circulaba sin luces reglamentarias y realizando maniobras peligrosas sobre la Ruta Nacional N\u00ba 11, a la altura de calle 9 de Julio.<\/p>\n<p>Tras detener la marcha e identificar al conductor, un joven de 19 a\u00f1os domiciliado en esa localidad, se constat\u00f3 que no contaba con la documentaci\u00f3n obligatoria, circulaba sin casco protector y que adem\u00e1s el rodado presentaba deficiencias en su estado general.<\/p>\n<p>Como consecuencia, se procedi\u00f3 al secuestro preventivo de la motocicleta tipo 110 cc, conforme a lo establecido por el Decreto Provincial N\u00ba 460\/22.<\/p>\n<p>Posteriormente, el veh\u00edculo fue entregado a inspectores municipales para continuar con las actuaciones correspondientes. Desde la fuerza indicaron que prosiguen las diligencias de rigor.<\/p>\n","protected":false},"excerpt":{"rendered":"<p>Personal policial de la Unidad Regional XIX secuestr\u00f3 una motocicleta en la ciudad de Calchaqu\u00ed, en el marco de un operativo preventivo realizado durante la ma\u00f1ana del s\u00e1bado. Seg\u00fan se inform\u00f3, efectivos del Comando Radioel\u00e9ctrico Zona Sur patrullaban la ciudad cuando detectaron un motoveh\u00edculo Honda Wave que circulaba sin luces reglamentarias y realizando maniobras peligrosas [&hellip;]<\/p>\n","protected":false},"author":3,"featured_media":71612,"comment_status":"open","ping_status":"open","sticky":false,"template":"","format":"standard","meta":{"_joinchat":[],"footnotes":""},"categories":[52,30],"tags":[],"class_list":{"0":"post-71611","1":"post","2":"type-post","3":"status-publish","4":"format-standard","5":"has-post-thumbnail","7":"category-calchaqui","8":"category-policiales"},"_links":{"self":[{"href":"https:\/\/infovera.com.ar\/web\/wp-json\/wp\/v2\/posts\/71611","targetHints":{"allow":["GET"]}}],"collection":[{"href":"https:\/\/infovera.com.ar\/web\/wp-json\/wp\/v2\/posts"}],"about":[{"href":"https:\/\/infovera.com.ar\/web\/wp-json\/wp\/v2\/types\/post"}],"author":[{"embeddable":true,"href":"https:\/\/infovera.com.ar\/web\/wp-json\/wp\/v2\/users\/3"}],"replies":[{"embeddable":true,"href":"https:\/\/infovera.com.ar\/web\/wp-json\/wp\/v2\/comments?post=71611"}],"version-history":[{"count":1,"href":"https:\/\/infovera.com.ar\/web\/wp-json\/wp\/v2\/posts\/71611\/revisions"}],"predecessor-version":[{"id":71613,"href":"https:\/\/infovera.com.ar\/web\/wp-json\/wp\/v2\/posts\/71611\/revisions\/71613"}],"wp:featuredmedia":[{"embeddable":true,"href":"https:\/\/infovera.com.ar\/web\/wp-json\/wp\/v2\/media\/71612"}],"wp:attachment":[{"href":"https:\/\/infovera.com.ar\/web\/wp-json\/wp\/v2\/media?parent=71611"}],"wp:term":[{"taxonomy":"category","embeddable":true,"href":"https:\/\/infovera.com.ar\/web\/wp-json\/wp\/v2\/categories?post=71611"},{"taxonomy":"post_tag","embeddable":true,"href":"https:\/\/infovera.com.ar\/web\/wp-json\/wp\/v2\/tags?post=71611"}],"curies":[{"name":"wp","href":"https:\/\/api.w.org\/{rel}","templated":true}]}}